{"id":9510,"date":"2024-10-08T16:39:06","date_gmt":"2024-10-08T19:39:06","guid":{"rendered":"https:\/\/sertaneja95fm.com.br\/sited\/?p=9510"},"modified":"2024-10-08T16:39:06","modified_gmt":"2024-10-08T19:39:06","slug":"rn-chega-a-us-11-bilhao-em-movimentacao-no-comercio-exterior-ate-setembro-deste-ano","status":"publish","type":"post","link":"https:\/\/sertaneja95fm.com.br\/sited\/rn-chega-a-us-11-bilhao-em-movimentacao-no-comercio-exterior-ate-setembro-deste-ano\/","title":{"rendered":"RN chega a US$ 1,1 bilh\u00e3o em movimenta\u00e7\u00e3o no com\u00e9rcio exterior at\u00e9 setembro deste ano"},"content":{"rendered":"<p>A nova edi\u00e7\u00e3o do Boletim Econ\u00f4mico da SEDEC traz as informa\u00e7\u00f5es e as an\u00e1lises sobre os mais recentes dados da movimenta\u00e7\u00e3o e da balan\u00e7a do com\u00e9rcio exterior do Rio Grande do Norte. No m\u00eas de setembro, o com\u00e9rcio exterior do RN alcan\u00e7ou US$ 82,2 milh\u00f5es de exporta\u00e7\u00f5es e importa\u00e7\u00f5es. No acumulado do ano, a balan\u00e7a comercial do estado registrou um volume total de US$ 1,1 bilh\u00e3o, \u201cconsolidando sua relev\u00e2ncia no cen\u00e1rio econ\u00f4mico regional\u201d. Acesse o Boletim no link na bio.<\/p>\n<p>A nova edi\u00e7\u00e3o do Boletim Econ\u00f4mico da SEDEC traz as informa\u00e7\u00f5es e as an\u00e1lises sobre os mais recentes dados da movimenta\u00e7\u00e3o e da balan\u00e7a do com\u00e9rcio exterior do Rio Grande do Norte. No m\u00eas de setembro, o com\u00e9rcio exterior do RN alcan\u00e7ou US$ 82,2 milh\u00f5es de exporta\u00e7\u00f5es e importa\u00e7\u00f5es. No acumulado do ano, a balan\u00e7a comercial do estado registrou um volume total de US$ 1,1 bilh\u00e3o, \u201cconsolidando sua relev\u00e2ncia no cen\u00e1rio econ\u00f4mico regional\u201d.<\/p>\n<p>Nas exporta\u00e7\u00f5es, os cinco principais destinos comerciais do estado foram os Pa\u00edses Baixos (US$ 10,2 milh\u00f5es), o Reino Unido (US$ 9,3 milh\u00f5es), os Estados Unidos (US$ 3,6 milh\u00f5es), a Col\u00f4mbia (US$ 1,9 milh\u00e3o) e o Peru (US$ 1,1 milh\u00e3o), sendo que estes cinco pa\u00edses representaram 73,3% do total exportado pelo Rio Grande do Norte.<\/p>\n<p>Em rela\u00e7\u00e3o \u00e0s importa\u00e7\u00f5es, os maiores parceiros comerciais do estado no m\u00eas de setembro foram: China (US$ 18,1 milh\u00f5es), Estados Unidos (US$ 6,9 milh\u00f5es), Pa\u00edses Baixos (US$ 5,0 milh\u00f5es), R\u00fassia (US$ 3,9 milh\u00f5es) e Alemanha (US$ 3,1 milh\u00f5es), compondo juntos 79,3% das importa\u00e7\u00f5es potiguares.<\/p>\n<p>&nbsp;<\/p>\n","protected":false},"excerpt":{"rendered":"<p>A nova edi\u00e7\u00e3o do Boletim Econ\u00f4mico da SEDEC traz as informa\u00e7\u00f5es e as an\u00e1lises sobre os mais recentes dados da movimenta\u00e7\u00e3o e da balan\u00e7a do com\u00e9rcio exterior do Rio Grande do Norte. No m\u00eas de setembro, o com\u00e9rcio exterior do RN alcan\u00e7ou US$ 82,2 milh\u00f5es de exporta\u00e7\u00f5es e importa\u00e7\u00f5es. No acumulado do ano, a balan\u00e7a [&hellip;]<\/p>\n","protected":false},"author":2,"featured_media":9511,"comment_status":"open","ping_status":"open","sticky":false,"template":"","format":"standard","meta":{"footnotes":""},"categories":[8],"tags":[],"class_list":["post-9510","post","type-post","status-publish","format-standard","has-post-thumbnail","hentry","category-ultimas"],"aioseo_notices":[],"_links":{"self":[{"href":"https:\/\/sertaneja95fm.com.br\/sited\/wp-json\/wp\/v2\/posts\/9510","targetHints":{"allow":["GET"]}}],"collection":[{"href":"https:\/\/sertaneja95fm.com.br\/sited\/wp-json\/wp\/v2\/posts"}],"about":[{"href":"https:\/\/sertaneja95fm.com.br\/sited\/wp-json\/wp\/v2\/types\/post"}],"author":[{"embeddable":true,"href":"https:\/\/sertaneja95fm.com.br\/sited\/wp-json\/wp\/v2\/users\/2"}],"replies":[{"embeddable":true,"href":"https:\/\/sertaneja95fm.com.br\/sited\/wp-json\/wp\/v2\/comments?post=9510"}],"version-history":[{"count":1,"href":"https:\/\/sertaneja95fm.com.br\/sited\/wp-json\/wp\/v2\/posts\/9510\/revisions"}],"predecessor-version":[{"id":9512,"href":"https:\/\/sertaneja95fm.com.br\/sited\/wp-json\/wp\/v2\/posts\/9510\/revisions\/9512"}],"wp:featuredmedia":[{"embeddable":true,"href":"https:\/\/sertaneja95fm.com.br\/sited\/wp-json\/wp\/v2\/media\/9511"}],"wp:attachment":[{"href":"https:\/\/sertaneja95fm.com.br\/sited\/wp-json\/wp\/v2\/media?parent=9510"}],"wp:term":[{"taxonomy":"category","embeddable":true,"href":"https:\/\/sertaneja95fm.com.br\/sited\/wp-json\/wp\/v2\/categories?post=9510"},{"taxonomy":"post_tag","embeddable":true,"href":"https:\/\/sertaneja95fm.com.br\/sited\/wp-json\/wp\/v2\/tags?post=9510"}],"curies":[{"name":"wp","href":"https:\/\/api.w.org\/{rel}","templated":true}]}}