{"id":9517,"date":"2024-10-08T16:45:16","date_gmt":"2024-10-08T19:45:16","guid":{"rendered":"https:\/\/sertaneja95fm.com.br\/sited\/?p=9517"},"modified":"2024-10-08T16:45:16","modified_gmt":"2024-10-08T19:45:16","slug":"pgr-defende-desbloqueio-do-x-e-volta-da-plataforma-so-depende-de-decisao-de-moraes","status":"publish","type":"post","link":"https:\/\/sertaneja95fm.com.br\/sited\/pgr-defende-desbloqueio-do-x-e-volta-da-plataforma-so-depende-de-decisao-de-moraes\/","title":{"rendered":"PGR defende desbloqueio do X, e volta da plataforma s\u00f3 depende de decis\u00e3o de Moraes"},"content":{"rendered":"<p class=\" content-text__container theme-color-primary-first-letter\" data-track-category=\"Link no Texto\" data-track-links=\"data-track-links\">O procurador-geral da Rep\u00fablica, Paulo Gonet, concordou com o desbloqueio da rede social X no Brasil. A manifesta\u00e7\u00e3o da Procuradoria-Geral da Rep\u00fablica (PGR) ocorre ap\u00f3s a empresa pagar a multa de R$ 28,6 milh\u00f5es imposta pelo ministro Alexandre de Moraes.<\/p>\n<p class=\" content-text__container theme-color-primary-first-letter\" data-track-category=\"Link no Texto\" data-track-links=\"data-track-links\">O caso agora volta para as m\u00e3os do magistrado, a quem caber\u00e1 decidir se determina a volta da plataforma ao ar ou mant\u00e9m a suspens\u00e3o.<\/p>\n<div class=\"mc-column content-text active-extra-styles \" data-block-type=\"unstyled\" data-block-weight=\"43\">\n<p class=\" content-text__container \" data-track-category=\"Link no Texto\" data-track-links=\"data-track-links\">Na manifesta\u00e7\u00e3o, o PGR afirma que com a concretiza\u00e7\u00e3o dos pagamentos das multas e a informa\u00e7\u00e3o de que houve efetivamente a indica\u00e7\u00e3o de representante legal do X no Brasil, os motivos que justificavam a suspens\u00e3o da rede social no Brasil \u201cn\u00e3o mais perduram\u201d.<\/p>\n<div class=\"no-paywall\">\n<div class=\"wall protected-content\">\n<div class=\"mc-column content-text active-extra-styles \" data-block-type=\"unstyled\" data-block-weight=\"29\">\n<p class=\" content-text__container \" data-track-category=\"Link no Texto\" data-track-links=\"data-track-links\">Por isso, afirma que \u201cas insubmiss\u00f5es anteriormente verificadas foram cessadas\u201d. Assim, Gonet diz que amPGR Procurador-Geral da Rep\u00fablica n\u00e3o v\u00ea motivo que impe\u00e7a o retorno das atividades da empresa\u201d.<\/p>\n<\/div>\n<div class=\"mc-column content-text active-extra-styles \" data-block-type=\"unstyled\" data-block-weight=\"60\">\n<p class=\" content-text__container \" data-track-category=\"Link no Texto\" data-track-links=\"data-track-links\">Na sexta-feira, a empresa informou ao Supremo que a multa havia sido integralmente quitada, condi\u00e7\u00e3o imposta por Moraes para que a rede social, suspensa desde 30 de agosto, voltasse a funcionar no pa\u00eds. Mas em despacho, o ministro informou que o montante, inicialmente pago para uma conta da Caixa Econ\u00f4mica Federal, precisava ser transferido para o Banco do Brasil.<\/p>\n<\/div>\n<div class=\"mc-column content-text active-extra-styles \" data-block-type=\"unstyled\" data-block-weight=\"23\">\n<p class=\" content-text__container \" data-track-category=\"Link no Texto\" data-track-links=\"data-track-links\">A transfer\u00eancia foi realizada pela Caixa Econ\u00f4mica na segunda-feira, e os autos foram encaminhados a Gonet para que o parecer fosse dado.<\/p>\n<\/div>\n<div class=\"mc-column content-text active-extra-styles \" data-block-type=\"unstyled\" data-block-weight=\"39\">\n<p class=\" content-text__container \" data-track-category=\"Link no Texto\" data-track-links=\"data-track-links\">Em agosto, o ministro havia determinado o bloqueio de recursos no valor de R$ 18,3 milh\u00f5es das contas banc\u00e1rias do X e da Starlink, outra empresa de Elon Musk, para quitar as puni\u00e7\u00f5es impostas pelo descumprimento de decis\u00f5es judiciais.<\/p>\n<\/div>\n<div class=\"mc-column content-text active-extra-styles \" data-block-type=\"unstyled\" data-block-weight=\"37\">\n<p class=\" content-text__container \" data-track-category=\"Link no Texto\" data-track-links=\"data-track-links\">Em setembro, o X recebeu outra multa de R$ 10 milh\u00f5es aplicada por Moraes por ter feito uma suposta manobra para voltar ao ar no Brasil, driblando o bloqueio imposto pela Ag\u00eancia Nacional de Telecomunica\u00e7\u00f5es (Anatel).<\/p>\n<\/div>\n<div class=\"mc-column content-text active-extra-styles \" data-block-type=\"unstyled\" data-block-weight=\"41\">\n<p class=\" content-text__container \" data-track-category=\"Link no Texto\" data-track-links=\"data-track-links\">A companhia fez uma atualiza\u00e7\u00e3o de sistema que abriu brecha para os usu\u00e1rios da plataforma pudessem acessar a rede social. O ministro do STF ainda determinou que representante legal indicada pelo X no Brasil pagasse R$ 300 mil por desobedi\u00eancia judicial.<\/p>\n<\/div>\n<div data-track-category=\"multicontent\" data-track-action=\"ultimo chunk conteudo\" data-track-noninteraction=\"false\" data-track-scroll=\"view\">\n<div class=\"mc-column content-text active-extra-styles \" data-block-type=\"unstyled\" data-block-weight=\"53\">\n<p class=\" content-text__container \" data-track-category=\"Link no Texto\" data-track-links=\"data-track-links\">O imbr\u00f3glio que envolve a suspens\u00e3o da plataforma no pa\u00eds teve in\u00edcio ainda em 18 de agosto, quando o X anunciou que descumpriria decis\u00f5es do STF e encerraria a opera\u00e7\u00e3o da da empresa no Brasil. Com isso, Moraes determinou o bloqueio da rede social no pa\u00eds at\u00e9 que as ordens judiciais fossem cumpridas.<\/p>\n<p data-track-category=\"Link no Texto\" data-track-links=\"data-track-links\"><strong>O Globo<\/strong><\/p>\n<p data-track-category=\"Link no Texto\" data-track-links=\"data-track-links\">Foto: Marcelo Camargo\/Ag\u00eancia Brasil<\/p>\n<\/div>\n<\/div>\n<\/div>\n<\/div>\n<\/div>\n","protected":false},"excerpt":{"rendered":"<p>O procurador-geral da Rep\u00fablica, Paulo Gonet, concordou com o desbloqueio da rede social X no Brasil. A manifesta\u00e7\u00e3o da Procuradoria-Geral da Rep\u00fablica (PGR) ocorre ap\u00f3s a empresa pagar a multa de R$ 28,6 milh\u00f5es imposta pelo ministro Alexandre de Moraes. O caso agora volta para as m\u00e3os do magistrado, a quem caber\u00e1 decidir se determina [&hellip;]<\/p>\n","protected":false},"author":2,"featured_media":9518,"comment_status":"open","ping_status":"open","sticky":false,"template":"","format":"standard","meta":{"footnotes":""},"categories":[8],"tags":[],"class_list":["post-9517","post","type-post","status-publish","format-standard","has-post-thumbnail","hentry","category-ultimas"],"aioseo_notices":[],"_links":{"self":[{"href":"https:\/\/sertaneja95fm.com.br\/sited\/wp-json\/wp\/v2\/posts\/9517","targetHints":{"allow":["GET"]}}],"collection":[{"href":"https:\/\/sertaneja95fm.com.br\/sited\/wp-json\/wp\/v2\/posts"}],"about":[{"href":"https:\/\/sertaneja95fm.com.br\/sited\/wp-json\/wp\/v2\/types\/post"}],"author":[{"embeddable":true,"href":"https:\/\/sertaneja95fm.com.br\/sited\/wp-json\/wp\/v2\/users\/2"}],"replies":[{"embeddable":true,"href":"https:\/\/sertaneja95fm.com.br\/sited\/wp-json\/wp\/v2\/comments?post=9517"}],"version-history":[{"count":1,"href":"https:\/\/sertaneja95fm.com.br\/sited\/wp-json\/wp\/v2\/posts\/9517\/revisions"}],"predecessor-version":[{"id":9519,"href":"https:\/\/sertaneja95fm.com.br\/sited\/wp-json\/wp\/v2\/posts\/9517\/revisions\/9519"}],"wp:featuredmedia":[{"embeddable":true,"href":"https:\/\/sertaneja95fm.com.br\/sited\/wp-json\/wp\/v2\/media\/9518"}],"wp:attachment":[{"href":"https:\/\/sertaneja95fm.com.br\/sited\/wp-json\/wp\/v2\/media?parent=9517"}],"wp:term":[{"taxonomy":"category","embeddable":true,"href":"https:\/\/sertaneja95fm.com.br\/sited\/wp-json\/wp\/v2\/categories?post=9517"},{"taxonomy":"post_tag","embeddable":true,"href":"https:\/\/sertaneja95fm.com.br\/sited\/wp-json\/wp\/v2\/tags?post=9517"}],"curies":[{"name":"wp","href":"https:\/\/api.w.org\/{rel}","templated":true}]}}