{"id":9566,"date":"2024-10-17T14:58:45","date_gmt":"2024-10-17T17:58:45","guid":{"rendered":"https:\/\/sertaneja95fm.com.br\/sited\/?p=9566"},"modified":"2024-10-17T14:58:45","modified_gmt":"2024-10-17T17:58:45","slug":"governo-federal-decide-nao-adotar-o-horario-de-verao-neste-ano","status":"publish","type":"post","link":"https:\/\/sertaneja95fm.com.br\/sited\/governo-federal-decide-nao-adotar-o-horario-de-verao-neste-ano\/","title":{"rendered":"Governo Federal decide n\u00e3o adotar o hor\u00e1rio de ver\u00e3o neste ano"},"content":{"rendered":"<p>O Governo Federal descartou a ado\u00e7\u00e3o do hor\u00e1rio de ver\u00e3o neste ano. O an\u00fancio foi realizado pelo ministro de Minas e Energia, Alexandre Silveira, em entrevista coletiva no in\u00edcio da tarde desta quarta-feira (16\/10). Ele afirmou ter debatido o tema com especialistas do setor e pontuou que a ado\u00e7\u00e3o da pol\u00edtica p\u00fablica ser\u00e1 discutida em 2025.<\/p>\n<p>\u201cOntem \u00e0 noite e hoje, na \u00faltima reuni\u00e3o com o Operador Nacional do Sistema El\u00e9trico [ONS], chegamos \u00e0 conclus\u00e3o de que n\u00e3o h\u00e1 a necessidade da decreta\u00e7\u00e3o do hor\u00e1rio de ver\u00e3o para esse per\u00edodo, para esse ver\u00e3o\u201d, declarou Silveira.<\/p>\n<p>\u201cTemos a seguran\u00e7a energ\u00e9tica assegurada. \u00c9 o in\u00edcio de um processo de restabelecimento da nossa condi\u00e7\u00e3o h\u00eddrica ainda muito modesto, mas temos condi\u00e7\u00f5es de chegar, depois do ver\u00e3o, em condi\u00e7\u00e3o de avaliar a volta desta pol\u00edtica [para o ano que vem]\u201d, acrescentou.<\/p>\n<p>\u201cO pico do custo-benef\u00edcio do hor\u00e1rio de ver\u00e3o \u00e9 nos meses de outubro e novembro, at\u00e9 meados de dezembro. Se nossa posi\u00e7\u00e3o fosse decretar o hor\u00e1rio de ver\u00e3o agora, usufruir\u00edamos muito pouco deste pico. Porque ter\u00edamos que fazer um planejamento m\u00ednimo para os setores poderem se adaptar. Conseguir\u00edamos entrar com isso s\u00f3 em meados de novembro e o custo-benef\u00edcio seria muito pequeno\u201d, explicou o ministro.<\/p>\n<p><em>Foto: Reprodu\u00e7\u00e3o<\/em><\/p>\n<p>&nbsp;<\/p>\n","protected":false},"excerpt":{"rendered":"<p>O Governo Federal descartou a ado\u00e7\u00e3o do hor\u00e1rio de ver\u00e3o neste ano. O an\u00fancio foi realizado pelo ministro de Minas e Energia, Alexandre Silveira, em entrevista coletiva no in\u00edcio da tarde desta quarta-feira (16\/10). Ele afirmou ter debatido o tema com especialistas do setor e pontuou que a ado\u00e7\u00e3o da pol\u00edtica p\u00fablica ser\u00e1 discutida em [&hellip;]<\/p>\n","protected":false},"author":2,"featured_media":9567,"comment_status":"open","ping_status":"open","sticky":false,"template":"","format":"standard","meta":{"footnotes":""},"categories":[3,4,5,6,7,8],"tags":[],"class_list":["post-9566","post","type-post","status-publish","format-standard","has-post-thumbnail","hentry","category-destaque","category-locais","category-noticias","category-podcasts","category-sem-categoria","category-ultimas"],"aioseo_notices":[],"_links":{"self":[{"href":"https:\/\/sertaneja95fm.com.br\/sited\/wp-json\/wp\/v2\/posts\/9566","targetHints":{"allow":["GET"]}}],"collection":[{"href":"https:\/\/sertaneja95fm.com.br\/sited\/wp-json\/wp\/v2\/posts"}],"about":[{"href":"https:\/\/sertaneja95fm.com.br\/sited\/wp-json\/wp\/v2\/types\/post"}],"author":[{"embeddable":true,"href":"https:\/\/sertaneja95fm.com.br\/sited\/wp-json\/wp\/v2\/users\/2"}],"replies":[{"embeddable":true,"href":"https:\/\/sertaneja95fm.com.br\/sited\/wp-json\/wp\/v2\/comments?post=9566"}],"version-history":[{"count":1,"href":"https:\/\/sertaneja95fm.com.br\/sited\/wp-json\/wp\/v2\/posts\/9566\/revisions"}],"predecessor-version":[{"id":9568,"href":"https:\/\/sertaneja95fm.com.br\/sited\/wp-json\/wp\/v2\/posts\/9566\/revisions\/9568"}],"wp:featuredmedia":[{"embeddable":true,"href":"https:\/\/sertaneja95fm.com.br\/sited\/wp-json\/wp\/v2\/media\/9567"}],"wp:attachment":[{"href":"https:\/\/sertaneja95fm.com.br\/sited\/wp-json\/wp\/v2\/media?parent=9566"}],"wp:term":[{"taxonomy":"category","embeddable":true,"href":"https:\/\/sertaneja95fm.com.br\/sited\/wp-json\/wp\/v2\/categories?post=9566"},{"taxonomy":"post_tag","embeddable":true,"href":"https:\/\/sertaneja95fm.com.br\/sited\/wp-json\/wp\/v2\/tags?post=9566"}],"curies":[{"name":"wp","href":"https:\/\/api.w.org\/{rel}","templated":true}]}}