{"id":9583,"date":"2024-10-22T15:14:03","date_gmt":"2024-10-22T18:14:03","guid":{"rendered":"https:\/\/sertaneja95fm.com.br\/sited\/?p=9583"},"modified":"2024-10-22T15:14:03","modified_gmt":"2024-10-22T18:14:03","slug":"caca-f-5-em-tiger-ii-e-o-modelo-da-aeronave-que-caiu-em-parnamirim-nesta-terca-feira-22","status":"publish","type":"post","link":"https:\/\/sertaneja95fm.com.br\/sited\/caca-f-5-em-tiger-ii-e-o-modelo-da-aeronave-que-caiu-em-parnamirim-nesta-terca-feira-22\/","title":{"rendered":"Ca\u00e7a F-5 EM Tiger II \u00e9 o modelo da aeronave que caiu em Parnamirim nesta ter\u00e7a-feira (22)"},"content":{"rendered":"<p>A aeronave da For\u00e7a A\u00e9rea Brasileira (FAB) caiu em Parnamirim estava na cidade para participar da CRUZEX. Desde o \u00faltimo final de semana, diversas aeronaves da FAB come\u00e7aram a se deslocar para a Base A\u00e9rea de Natal (BANT) para participar do evento que ocorre no in\u00edcio de novembro.<\/p>\n<p>A aeronave envolvida no acidente foi um ca\u00e7a F-5 EM Tiger II, de matr\u00edcula FAB4866, que participava dos preparativos para a CRUZEX. O aviador j\u00e1 foi resgatado por uma aeronave Airbus H225M Caracal da FAB e, ainda segundo informa\u00e7\u00f5es iniciais, est\u00e1 bem.<\/p>\n<p>A CRUZEX (Cruzeiro do Sul Exercise) 2024 \u00e9 o maior exerc\u00edcio a\u00e9reo multinacional organizado pela For\u00e7a A\u00e9rea Brasileira (FAB). O evento visa simular cen\u00e1rios de guerra complexos, proporcionando treinamento conjunto entre diversas for\u00e7as a\u00e9reas. Para a edi\u00e7\u00e3o de 2024, est\u00e3o confirmados nove pa\u00edses com participa\u00e7\u00f5es in\u00e9ditas de Paraguai e Portugal.<\/p>\n<p>Outros pa\u00edses, como Estados Unidos, Argentina e Chile, tamb\u00e9m estar\u00e3o presentes com ca\u00e7as e aeronaves de transporte e reabastecimento, enquanto na\u00e7\u00f5es como Alemanha, Su\u00e9cia e \u00c1frica do Sul participar\u00e3o como observadores.<\/p>\n<p>Com informa\u00e7\u00f5es de Folha de S. Paulo e O Globo<\/p>\n<p>Outros pa\u00edses, como Estados Unidos, Argentina e Chile, tamb\u00e9m estar\u00e3o presentes com ca\u00e7as e aeronaves de transporte e reabastecimento, enquanto na\u00e7\u00f5es como Alemanha, Su\u00e9cia e \u00c1frica do Sul participar\u00e3o como observadores.<\/p>\n<p>Com informa\u00e7\u00f5es de Folha de S. Paulo e O Globo<\/p>\n<p>Foto: FAB<\/p>\n","protected":false},"excerpt":{"rendered":"<p>A aeronave da For\u00e7a A\u00e9rea Brasileira (FAB) caiu em Parnamirim estava na cidade para participar da CRUZEX. Desde o \u00faltimo final de semana, diversas aeronaves da FAB come\u00e7aram a se deslocar para a Base A\u00e9rea de Natal (BANT) para participar do evento que ocorre no in\u00edcio de novembro. A aeronave envolvida no acidente foi um [&hellip;]<\/p>\n","protected":false},"author":2,"featured_media":9585,"comment_status":"open","ping_status":"open","sticky":false,"template":"","format":"standard","meta":{"footnotes":""},"categories":[9,3,4,5,6,7,8],"tags":[],"class_list":["post-9583","post","type-post","status-publish","format-standard","has-post-thumbnail","hentry","category-9","category-destaque","category-locais","category-noticias","category-podcasts","category-sem-categoria","category-ultimas"],"aioseo_notices":[],"_links":{"self":[{"href":"https:\/\/sertaneja95fm.com.br\/sited\/wp-json\/wp\/v2\/posts\/9583","targetHints":{"allow":["GET"]}}],"collection":[{"href":"https:\/\/sertaneja95fm.com.br\/sited\/wp-json\/wp\/v2\/posts"}],"about":[{"href":"https:\/\/sertaneja95fm.com.br\/sited\/wp-json\/wp\/v2\/types\/post"}],"author":[{"embeddable":true,"href":"https:\/\/sertaneja95fm.com.br\/sited\/wp-json\/wp\/v2\/users\/2"}],"replies":[{"embeddable":true,"href":"https:\/\/sertaneja95fm.com.br\/sited\/wp-json\/wp\/v2\/comments?post=9583"}],"version-history":[{"count":1,"href":"https:\/\/sertaneja95fm.com.br\/sited\/wp-json\/wp\/v2\/posts\/9583\/revisions"}],"predecessor-version":[{"id":9586,"href":"https:\/\/sertaneja95fm.com.br\/sited\/wp-json\/wp\/v2\/posts\/9583\/revisions\/9586"}],"wp:featuredmedia":[{"embeddable":true,"href":"https:\/\/sertaneja95fm.com.br\/sited\/wp-json\/wp\/v2\/media\/9585"}],"wp:attachment":[{"href":"https:\/\/sertaneja95fm.com.br\/sited\/wp-json\/wp\/v2\/media?parent=9583"}],"wp:term":[{"taxonomy":"category","embeddable":true,"href":"https:\/\/sertaneja95fm.com.br\/sited\/wp-json\/wp\/v2\/categories?post=9583"},{"taxonomy":"post_tag","embeddable":true,"href":"https:\/\/sertaneja95fm.com.br\/sited\/wp-json\/wp\/v2\/tags?post=9583"}],"curies":[{"name":"wp","href":"https:\/\/api.w.org\/{rel}","templated":true}]}}