{"id":9605,"date":"2024-10-29T13:50:02","date_gmt":"2024-10-29T16:50:02","guid":{"rendered":"https:\/\/sertaneja95fm.com.br\/sited\/?p=9605"},"modified":"2024-10-29T13:50:02","modified_gmt":"2024-10-29T16:50:02","slug":"paulinho-freire-anuncia-joanna-para-coordenar-transicao-e-diz-que-vai-buscar-lula-e-natalia","status":"publish","type":"post","link":"https:\/\/sertaneja95fm.com.br\/sited\/paulinho-freire-anuncia-joanna-para-coordenar-transicao-e-diz-que-vai-buscar-lula-e-natalia\/","title":{"rendered":"Paulinho Freire anuncia Joanna para coordenar transi\u00e7\u00e3o e diz que vai buscar Lula e Nat\u00e1lia"},"content":{"rendered":"<p>Em seu primeiro dia como prefeito eleito de Natal, o deputado federal\u00a0<a href=\"https:\/\/agorarn.com.br\/ultimas\/paulinho-freire-atribui-vitoria-alvaro-dias\/\">Paulinho Freire<\/a>\u00a0(Uni\u00e3o Brasil) concedeu nesta segunda-feira 28 entrevistas a emissoras de r\u00e1dio e TV. Ele conversou com InterTV Cabugi e TV Ponta Negra, al\u00e9m das r\u00e1dios 98 FM e Jovem Pan Natal.<\/p>\n<div id=\"r89-desktop-leaderboard-btf-0-wrapper\">\n<div>\n<div id=\"r89-desktop-leaderboard-btf-0\" data-google-query-id=\"CNvSldmFtIkDFeFMuAQdlR0HvQ\">Nas entrevistas, Paulinho afirmou que a vice-prefeita eleita,\u00a0<a href=\"https:\/\/agorarn.com.br\/ultimas\/educacao-assistencias-prioridade-joanna-guerra\/\">Joanna Guerra<\/a>\u00a0(Republicanos), ser\u00e1 a coordenadora da equipe de transi\u00e7\u00e3o. Ela foi secret\u00e1ria de Planejamento at\u00e9 abril deste ano, na gest\u00e3o do prefeito \u00c1lvaro Dias (Republicanos).<\/div>\n<div data-google-query-id=\"CNvSldmFtIkDFeFMuAQdlR0HvQ\">\n<p>\u201cEu vou conversar com Joanna. Eu vou escalar ela para estar \u00e0 frente da transi\u00e7\u00e3o. At\u00e9 porque eu tenho que manter meu mandato em Bras\u00edlia (at\u00e9 31 de dezembro), e espero que ela possa fazer como ela fez na elabora\u00e7\u00e3o do nosso plano de governo, muito bem feito\u201d, afirmou Paulinho, \u00e0 98 FM e \u00e0 Jovem Pan Natal.<br \/>\nO prefeito eleito disse esperar anunciar j\u00e1 na pr\u00f3xima semana os nomes da equipe de transi\u00e7\u00e3o (que ser\u00e1 coordenada por Joanna). Ele enfatizou que os membros n\u00e3o necessariamente ser\u00e3o secret\u00e1rios de sua futura gest\u00e3o.<\/p>\n<p>AGORA RN<\/p>\n<div data-google-query-id=\"CI248teFtIkDFXRIuAQdI7YZIQ\">Foto: Youtube\/Reprodu\u00e7\u00e3o<\/div>\n<\/div>\n<\/div>\n<\/div>\n","protected":false},"excerpt":{"rendered":"<p>Em seu primeiro dia como prefeito eleito de Natal, o deputado federal\u00a0Paulinho Freire\u00a0(Uni\u00e3o Brasil) concedeu nesta segunda-feira 28 entrevistas a emissoras de r\u00e1dio e TV. Ele conversou com InterTV Cabugi e TV Ponta Negra, al\u00e9m das r\u00e1dios 98 FM e Jovem Pan Natal. Nas entrevistas, Paulinho afirmou que a vice-prefeita eleita,\u00a0Joanna Guerra\u00a0(Republicanos), ser\u00e1 a coordenadora [&hellip;]<\/p>\n","protected":false},"author":2,"featured_media":9606,"comment_status":"open","ping_status":"open","sticky":false,"template":"","format":"standard","meta":{"footnotes":""},"categories":[3,4,5,6,7,8],"tags":[],"class_list":["post-9605","post","type-post","status-publish","format-standard","has-post-thumbnail","hentry","category-destaque","category-locais","category-noticias","category-podcasts","category-sem-categoria","category-ultimas"],"aioseo_notices":[],"_links":{"self":[{"href":"https:\/\/sertaneja95fm.com.br\/sited\/wp-json\/wp\/v2\/posts\/9605","targetHints":{"allow":["GET"]}}],"collection":[{"href":"https:\/\/sertaneja95fm.com.br\/sited\/wp-json\/wp\/v2\/posts"}],"about":[{"href":"https:\/\/sertaneja95fm.com.br\/sited\/wp-json\/wp\/v2\/types\/post"}],"author":[{"embeddable":true,"href":"https:\/\/sertaneja95fm.com.br\/sited\/wp-json\/wp\/v2\/users\/2"}],"replies":[{"embeddable":true,"href":"https:\/\/sertaneja95fm.com.br\/sited\/wp-json\/wp\/v2\/comments?post=9605"}],"version-history":[{"count":1,"href":"https:\/\/sertaneja95fm.com.br\/sited\/wp-json\/wp\/v2\/posts\/9605\/revisions"}],"predecessor-version":[{"id":9607,"href":"https:\/\/sertaneja95fm.com.br\/sited\/wp-json\/wp\/v2\/posts\/9605\/revisions\/9607"}],"wp:featuredmedia":[{"embeddable":true,"href":"https:\/\/sertaneja95fm.com.br\/sited\/wp-json\/wp\/v2\/media\/9606"}],"wp:attachment":[{"href":"https:\/\/sertaneja95fm.com.br\/sited\/wp-json\/wp\/v2\/media?parent=9605"}],"wp:term":[{"taxonomy":"category","embeddable":true,"href":"https:\/\/sertaneja95fm.com.br\/sited\/wp-json\/wp\/v2\/categories?post=9605"},{"taxonomy":"post_tag","embeddable":true,"href":"https:\/\/sertaneja95fm.com.br\/sited\/wp-json\/wp\/v2\/tags?post=9605"}],"curies":[{"name":"wp","href":"https:\/\/api.w.org\/{rel}","templated":true}]}}