{"id":9619,"date":"2024-11-04T09:29:16","date_gmt":"2024-11-04T12:29:16","guid":{"rendered":"https:\/\/sertaneja95fm.com.br\/sited\/?p=9619"},"modified":"2024-11-04T09:29:16","modified_gmt":"2024-11-04T12:29:16","slug":"caso-zaira-cruz-julgamento-de-pedro-inacio-deve-ocorrer-em-dezembro-em-natal-diz-defesa","status":"publish","type":"post","link":"https:\/\/sertaneja95fm.com.br\/sited\/caso-zaira-cruz-julgamento-de-pedro-inacio-deve-ocorrer-em-dezembro-em-natal-diz-defesa\/","title":{"rendered":"Caso Zaira Cruz: Julgamento de Pedro In\u00e1cio deve ocorrer em dezembro em Natal, diz defesa"},"content":{"rendered":"<p>O julgamento de Pedro In\u00e1cio Ara\u00fajo de Maria, acusado pelo assassinato da universit\u00e1ria Zaira Silveira da Cruz, ocorrido em mar\u00e7o de 2019, em Caic\u00f3, est\u00e1 previsto para acontecer na segunda semana de dezembro deste ano, em Natal. A informa\u00e7\u00e3o foi confirmada ao Blog do Sidney Silva pelo advogado Anesiano Ramos, que atua na defesa do r\u00e9u ao lado da advogada Andreia Oliveira.<\/p>\n<p>Em entrevista ao Blog do Sidney Silva, Anesiano explicou que o julgamento ser\u00e1 realizado em Natal devido ao desaforamento, que transferiu o processo de Caic\u00f3 para a capital potiguar. \u201c<em>Pelo \u00faltimo contato que tivemos na semana passada, \u00e9 importante ressaltar que o julgamento vai acontecer em Natal, a previs\u00e3o \u00e9 que ele ocorra na segunda semana de dezembro, pr\u00f3ximo m\u00eas<\/em>\u201d, disse Ramos. \u201c<em>O juiz nos comunicou que estava ultimando alguns detalhes, isso porque \u00e9 um j\u00fari que demanda v\u00e1rios dias de realiza\u00e7\u00e3o. Com isso, \u00e9 necess\u00e1rio organizar tudo de forma adequada para evitar adiamentos e preju\u00edzos ao poder judici\u00e1rio e a todos os interessados<\/em>\u201d, completou o advogado.<\/p>\n<p>O julgamento vai ocorrer no F\u00f3rum Miguel Seabra Fagundes, e o advogado mencionou que, embora o cronograma ainda n\u00e3o tenha sido oficialmente confirmado, h\u00e1 uma expectativa para que a data seja mantida em dezembro.<\/p>\n<p>Na defesa de Pedro In\u00e1cio, os advogados sustentam que n\u00e3o houve homic\u00eddio, rejeitando a motiva\u00e7\u00e3o de estupro apontada na acusa\u00e7\u00e3o. \u201c<em>A nossa tese \u00e9 a da verdade, de que n\u00e3o houve homic\u00eddio. Se n\u00e3o houve um homic\u00eddio, n\u00e3o tem o que se condenar\u201d<\/em>, afirmou Anesiano.<\/p>\n<p>O caso, que teve grande repercuss\u00e3o em Caic\u00f3 e em todo o estado, agora se aproxima de um desfecho com o julgamento em Natal, onde a defesa buscar\u00e1 a absolvi\u00e7\u00e3o do r\u00e9u.<\/p>\n<p>Em contato com o Blog do Sidney Silva, o Promotor de Justi\u00e7a Geraldo Rufino de Ara\u00fajo J\u00fanior, que atuou no processo, disse que a pe\u00e7a foi muito bem instru\u00edda e que est\u00e1 pronta para ser levado ao j\u00fari. Ele comentou que \u00e9 convicto da culpa do r\u00e9u Pedro In\u00e1cio. \u201c<em>Aqui em Caic\u00f3, em Natal, em Bras\u00edlia, ou em qualquer outro lugar, ele (o r\u00e9u) seria condenado. O processo tem provas t\u00e9cnicas muito robustas. O Itep fez uma per\u00edcia cuidadosa. Essa per\u00edcia est\u00e1 filmada. A prova pericial do que aconteceu, \u00e9 muito forte. Zaira foi violentada, foi estuprada, foi assassinada. N\u00e3o se tem d\u00favida disso. Quando foi ouvido, ele (Pedro In\u00e1cio) disse que esqueceu<\/em>\u201d, afirmou.<\/p>\n<p>Blog do Sidney Silva<\/p>\n","protected":false},"excerpt":{"rendered":"<p>O julgamento de Pedro In\u00e1cio Ara\u00fajo de Maria, acusado pelo assassinato da universit\u00e1ria Zaira Silveira da Cruz, ocorrido em mar\u00e7o de 2019, em Caic\u00f3, est\u00e1 previsto para acontecer na segunda semana de dezembro deste ano, em Natal. A informa\u00e7\u00e3o foi confirmada ao Blog do Sidney Silva pelo advogado Anesiano Ramos, que atua na defesa do [&hellip;]<\/p>\n","protected":false},"author":2,"featured_media":9620,"comment_status":"open","ping_status":"open","sticky":false,"template":"","format":"standard","meta":{"footnotes":""},"categories":[3,4,5,6,7,8],"tags":[],"class_list":["post-9619","post","type-post","status-publish","format-standard","has-post-thumbnail","hentry","category-destaque","category-locais","category-noticias","category-podcasts","category-sem-categoria","category-ultimas"],"aioseo_notices":[],"_links":{"self":[{"href":"https:\/\/sertaneja95fm.com.br\/sited\/wp-json\/wp\/v2\/posts\/9619","targetHints":{"allow":["GET"]}}],"collection":[{"href":"https:\/\/sertaneja95fm.com.br\/sited\/wp-json\/wp\/v2\/posts"}],"about":[{"href":"https:\/\/sertaneja95fm.com.br\/sited\/wp-json\/wp\/v2\/types\/post"}],"author":[{"embeddable":true,"href":"https:\/\/sertaneja95fm.com.br\/sited\/wp-json\/wp\/v2\/users\/2"}],"replies":[{"embeddable":true,"href":"https:\/\/sertaneja95fm.com.br\/sited\/wp-json\/wp\/v2\/comments?post=9619"}],"version-history":[{"count":1,"href":"https:\/\/sertaneja95fm.com.br\/sited\/wp-json\/wp\/v2\/posts\/9619\/revisions"}],"predecessor-version":[{"id":9621,"href":"https:\/\/sertaneja95fm.com.br\/sited\/wp-json\/wp\/v2\/posts\/9619\/revisions\/9621"}],"wp:featuredmedia":[{"embeddable":true,"href":"https:\/\/sertaneja95fm.com.br\/sited\/wp-json\/wp\/v2\/media\/9620"}],"wp:attachment":[{"href":"https:\/\/sertaneja95fm.com.br\/sited\/wp-json\/wp\/v2\/media?parent=9619"}],"wp:term":[{"taxonomy":"category","embeddable":true,"href":"https:\/\/sertaneja95fm.com.br\/sited\/wp-json\/wp\/v2\/categories?post=9619"},{"taxonomy":"post_tag","embeddable":true,"href":"https:\/\/sertaneja95fm.com.br\/sited\/wp-json\/wp\/v2\/tags?post=9619"}],"curies":[{"name":"wp","href":"https:\/\/api.w.org\/{rel}","templated":true}]}}