{"id":9676,"date":"2024-11-29T12:43:44","date_gmt":"2024-11-29T15:43:44","guid":{"rendered":"https:\/\/sertaneja95fm.com.br\/sited\/?p=9676"},"modified":"2024-11-29T12:43:44","modified_gmt":"2024-11-29T15:43:44","slug":"comissao-do-senado-aprova-projeto-que-amplia-seguranca-para-criancas-e-adolescentes-na-internet","status":"publish","type":"post","link":"https:\/\/sertaneja95fm.com.br\/sited\/comissao-do-senado-aprova-projeto-que-amplia-seguranca-para-criancas-e-adolescentes-na-internet\/","title":{"rendered":"Comiss\u00e3o do Senado aprova projeto que amplia seguran\u00e7a para crian\u00e7as e adolescentes na internet"},"content":{"rendered":"<p>Os senadores da Comiss\u00e3o de Comunica\u00e7\u00e3o e Direito Digital aprovaram, nesta quarta-feira (27), um projeto que estabelece e amplia mecanismos de seguran\u00e7a para crian\u00e7as e adolescentes na internet. O plano determina que as plataformas digitais adotem o dever de cuidado para assegurar a prote\u00e7\u00e3o de menores de idade, al\u00e9m de medidas para evitar danos aos usu\u00e1rios e a responsabiliza\u00e7\u00e3o de empresas que se omitem.<\/p>\n<p>Aprovada por nove votos a zero, a proposta deve seguir para an\u00e1lise da C\u00e2mara dos Deputados e, caso n\u00e3o haja recurso, para vota\u00e7\u00e3o no plen\u00e1rio principal do Senado. O projeto ainda ter\u00e1 que ser aprovado pelos deputados e sancionado pelo presidente Lula para se tornar lei.<\/p>\n<p><strong>Fonte: Portal R7<\/strong><\/p>\n<p><a href=\"foto: Valter Campanato\/Ag%C3%AAncia Brasil\">Foto: Valter Campanato\/Ag\u00eancia Brasil<\/a><\/p>\n","protected":false},"excerpt":{"rendered":"<p>Os senadores da Comiss\u00e3o de Comunica\u00e7\u00e3o e Direito Digital aprovaram, nesta quarta-feira (27), um projeto que estabelece e amplia mecanismos de seguran\u00e7a para crian\u00e7as e adolescentes na internet. O plano determina que as plataformas digitais adotem o dever de cuidado para assegurar a prote\u00e7\u00e3o de menores de idade, al\u00e9m de medidas para evitar danos aos [&hellip;]<\/p>\n","protected":false},"author":2,"featured_media":9678,"comment_status":"open","ping_status":"open","sticky":false,"template":"","format":"standard","meta":{"footnotes":""},"categories":[3,4,5,6,7,8],"tags":[],"class_list":["post-9676","post","type-post","status-publish","format-standard","has-post-thumbnail","hentry","category-destaque","category-locais","category-noticias","category-podcasts","category-sem-categoria","category-ultimas"],"aioseo_notices":[],"_links":{"self":[{"href":"https:\/\/sertaneja95fm.com.br\/sited\/wp-json\/wp\/v2\/posts\/9676","targetHints":{"allow":["GET"]}}],"collection":[{"href":"https:\/\/sertaneja95fm.com.br\/sited\/wp-json\/wp\/v2\/posts"}],"about":[{"href":"https:\/\/sertaneja95fm.com.br\/sited\/wp-json\/wp\/v2\/types\/post"}],"author":[{"embeddable":true,"href":"https:\/\/sertaneja95fm.com.br\/sited\/wp-json\/wp\/v2\/users\/2"}],"replies":[{"embeddable":true,"href":"https:\/\/sertaneja95fm.com.br\/sited\/wp-json\/wp\/v2\/comments?post=9676"}],"version-history":[{"count":1,"href":"https:\/\/sertaneja95fm.com.br\/sited\/wp-json\/wp\/v2\/posts\/9676\/revisions"}],"predecessor-version":[{"id":9679,"href":"https:\/\/sertaneja95fm.com.br\/sited\/wp-json\/wp\/v2\/posts\/9676\/revisions\/9679"}],"wp:featuredmedia":[{"embeddable":true,"href":"https:\/\/sertaneja95fm.com.br\/sited\/wp-json\/wp\/v2\/media\/9678"}],"wp:attachment":[{"href":"https:\/\/sertaneja95fm.com.br\/sited\/wp-json\/wp\/v2\/media?parent=9676"}],"wp:term":[{"taxonomy":"category","embeddable":true,"href":"https:\/\/sertaneja95fm.com.br\/sited\/wp-json\/wp\/v2\/categories?post=9676"},{"taxonomy":"post_tag","embeddable":true,"href":"https:\/\/sertaneja95fm.com.br\/sited\/wp-json\/wp\/v2\/tags?post=9676"}],"curies":[{"name":"wp","href":"https:\/\/api.w.org\/{rel}","templated":true}]}}