{"id":9712,"date":"2024-12-09T14:05:50","date_gmt":"2024-12-09T17:05:50","guid":{"rendered":"https:\/\/sertaneja95fm.com.br\/sited\/?p=9712"},"modified":"2024-12-09T14:05:50","modified_gmt":"2024-12-09T17:05:50","slug":"cidade-no-serido-sedia-gravacoes-da-segunda-temporada-de-cangaco-novo","status":"publish","type":"post","link":"https:\/\/sertaneja95fm.com.br\/sited\/cidade-no-serido-sedia-gravacoes-da-segunda-temporada-de-cangaco-novo\/","title":{"rendered":"Cidade no Serid\u00f3 sedia grava\u00e7\u00f5es da segunda temporada de \u201cCanga\u00e7o Novo\u201d"},"content":{"rendered":"<p>A equipe da s\u00e9rie \u201cCanga\u00e7o Novo\u201d, sucesso da Amazon Prime, est\u00e1 em Carna\u00faba dos Dantas, na regi\u00e3o do Serid\u00f3, para gravar cenas da aguardada segunda temporada.<\/p>\n<p>A produ\u00e7\u00e3o, ambientada no interior do Nordeste, explora temas como assaltos a bancos e a viol\u00eancia no interior do Nordeste. Protagonizada por Allan Souza Lima no papel de Ubaldo, a s\u00e9rie acompanha o reencontro do personagem com suas irm\u00e3s e os desdobramentos de seu envolvimento em a\u00e7\u00f5es criminosas.<\/p>\n<p><em>Novo Not\u00edcias<\/em><\/p>\n","protected":false},"excerpt":{"rendered":"<p>A equipe da s\u00e9rie \u201cCanga\u00e7o Novo\u201d, sucesso da Amazon Prime, est\u00e1 em Carna\u00faba dos Dantas, na regi\u00e3o do Serid\u00f3, para gravar cenas da aguardada segunda temporada. A produ\u00e7\u00e3o, ambientada no interior do Nordeste, explora temas como assaltos a bancos e a viol\u00eancia no interior do Nordeste. Protagonizada por Allan Souza Lima no papel de Ubaldo, [&hellip;]<\/p>\n","protected":false},"author":2,"featured_media":0,"comment_status":"open","ping_status":"open","sticky":false,"template":"","format":"standard","meta":{"footnotes":""},"categories":[3,4,5,6,7,8],"tags":[],"class_list":["post-9712","post","type-post","status-publish","format-standard","hentry","category-destaque","category-locais","category-noticias","category-podcasts","category-sem-categoria","category-ultimas"],"aioseo_notices":[],"_links":{"self":[{"href":"https:\/\/sertaneja95fm.com.br\/sited\/wp-json\/wp\/v2\/posts\/9712","targetHints":{"allow":["GET"]}}],"collection":[{"href":"https:\/\/sertaneja95fm.com.br\/sited\/wp-json\/wp\/v2\/posts"}],"about":[{"href":"https:\/\/sertaneja95fm.com.br\/sited\/wp-json\/wp\/v2\/types\/post"}],"author":[{"embeddable":true,"href":"https:\/\/sertaneja95fm.com.br\/sited\/wp-json\/wp\/v2\/users\/2"}],"replies":[{"embeddable":true,"href":"https:\/\/sertaneja95fm.com.br\/sited\/wp-json\/wp\/v2\/comments?post=9712"}],"version-history":[{"count":1,"href":"https:\/\/sertaneja95fm.com.br\/sited\/wp-json\/wp\/v2\/posts\/9712\/revisions"}],"predecessor-version":[{"id":9715,"href":"https:\/\/sertaneja95fm.com.br\/sited\/wp-json\/wp\/v2\/posts\/9712\/revisions\/9715"}],"wp:attachment":[{"href":"https:\/\/sertaneja95fm.com.br\/sited\/wp-json\/wp\/v2\/media?parent=9712"}],"wp:term":[{"taxonomy":"category","embeddable":true,"href":"https:\/\/sertaneja95fm.com.br\/sited\/wp-json\/wp\/v2\/categories?post=9712"},{"taxonomy":"post_tag","embeddable":true,"href":"https:\/\/sertaneja95fm.com.br\/sited\/wp-json\/wp\/v2\/tags?post=9712"}],"curies":[{"name":"wp","href":"https:\/\/api.w.org\/{rel}","templated":true}]}}