{"id":9717,"date":"2024-12-09T14:36:43","date_gmt":"2024-12-09T17:36:43","guid":{"rendered":"https:\/\/sertaneja95fm.com.br\/sited\/?p=9717"},"modified":"2024-12-09T14:36:43","modified_gmt":"2024-12-09T17:36:43","slug":"eleicao-para-direcao-escolar-na-rede-municipal-de-currais-novos-acontece-hoje-09-12","status":"publish","type":"post","link":"https:\/\/sertaneja95fm.com.br\/sited\/eleicao-para-direcao-escolar-na-rede-municipal-de-currais-novos-acontece-hoje-09-12\/","title":{"rendered":"Elei\u00e7\u00e3o para dire\u00e7\u00e3o escolar na rede municipal de currais novos acontece hoje, 09\/12"},"content":{"rendered":"<p>Nesta segunda-feira, 09 de dezembro, a Secretaria Municipal de Educa\u00e7\u00e3o e Esportes (SEMEE) conduz a elei\u00e7\u00e3o para diretores e vice-diretores das escolas da Rede P\u00fablica Municipal de Ensino de Currais Novos. A iniciativa cumpre a Lei n\u00ba 3.408\/2019, promovendo a Gest\u00e3o Democr\u00e1tica e incentivando a participa\u00e7\u00e3o ativa da comunidade escolar.<\/p>\n<p>A vota\u00e7\u00e3o ocorre das 7h \u00e0s 17h nas institui\u00e7\u00f5es com dois turnos e das 7h \u00e0s 21h em unidades com turno noturno. Aproximadamente 2.500 estudantes est\u00e3o aptos a votar, incluindo alunos a partir do 5\u00ba ano do Ensino Fundamental ou com idade igual ou superior a 10 anos, al\u00e9m dos matriculados na Educa\u00e7\u00e3o de Jovens e Adultos (EJA). Pais, m\u00e3es ou respons\u00e1veis pelos estudantes tamb\u00e9m t\u00eam direito a um voto por institui\u00e7\u00e3o.<\/p>\n<p>Os professores efetivos, tempor\u00e1rios e com horas suplementares, assim como os funcion\u00e1rios da escola em exerc\u00edcio h\u00e1 pelo menos um semestre, tamb\u00e9m comp\u00f5em o corpo de eleitores. O processo ser\u00e1 acompanhado por fiscais, com a quantidade definida pelo n\u00famero de estudantes da unidade escolar: at\u00e9 200 alunos (2 fiscais), de 201 a 400 alunos (3 fiscais), e acima de 401 alunos (4 fiscais).<\/p>\n<p>Entre as regras, destaca-se que um respons\u00e1vel pode votar apenas uma vez por institui\u00e7\u00e3o, independentemente do n\u00famero de filhos matriculados. Al\u00e9m disso, eleitores que acumulam fun\u00e7\u00f5es n\u00e3o podem votar mais de uma vez na mesma unidade escolar.<\/p>\n<p>Com transpar\u00eancia e organiza\u00e7\u00e3o, o pleito reflete o compromisso da SEMEE com uma gest\u00e3o educacional democr\u00e1tica e participativa.<\/p>\n<p>&nbsp;<\/p>\n","protected":false},"excerpt":{"rendered":"<p>Nesta segunda-feira, 09 de dezembro, a Secretaria Municipal de Educa\u00e7\u00e3o e Esportes (SEMEE) conduz a elei\u00e7\u00e3o para diretores e vice-diretores das escolas da Rede P\u00fablica Municipal de Ensino de Currais Novos. A iniciativa cumpre a Lei n\u00ba 3.408\/2019, promovendo a Gest\u00e3o Democr\u00e1tica e incentivando a participa\u00e7\u00e3o ativa da comunidade escolar. A vota\u00e7\u00e3o ocorre das 7h [&hellip;]<\/p>\n","protected":false},"author":2,"featured_media":9718,"comment_status":"open","ping_status":"open","sticky":false,"template":"","format":"standard","meta":{"footnotes":""},"categories":[9,3,4,5,6,7,8],"tags":[],"class_list":["post-9717","post","type-post","status-publish","format-standard","has-post-thumbnail","hentry","category-9","category-destaque","category-locais","category-noticias","category-podcasts","category-sem-categoria","category-ultimas"],"aioseo_notices":[],"_links":{"self":[{"href":"https:\/\/sertaneja95fm.com.br\/sited\/wp-json\/wp\/v2\/posts\/9717","targetHints":{"allow":["GET"]}}],"collection":[{"href":"https:\/\/sertaneja95fm.com.br\/sited\/wp-json\/wp\/v2\/posts"}],"about":[{"href":"https:\/\/sertaneja95fm.com.br\/sited\/wp-json\/wp\/v2\/types\/post"}],"author":[{"embeddable":true,"href":"https:\/\/sertaneja95fm.com.br\/sited\/wp-json\/wp\/v2\/users\/2"}],"replies":[{"embeddable":true,"href":"https:\/\/sertaneja95fm.com.br\/sited\/wp-json\/wp\/v2\/comments?post=9717"}],"version-history":[{"count":1,"href":"https:\/\/sertaneja95fm.com.br\/sited\/wp-json\/wp\/v2\/posts\/9717\/revisions"}],"predecessor-version":[{"id":9719,"href":"https:\/\/sertaneja95fm.com.br\/sited\/wp-json\/wp\/v2\/posts\/9717\/revisions\/9719"}],"wp:featuredmedia":[{"embeddable":true,"href":"https:\/\/sertaneja95fm.com.br\/sited\/wp-json\/wp\/v2\/media\/9718"}],"wp:attachment":[{"href":"https:\/\/sertaneja95fm.com.br\/sited\/wp-json\/wp\/v2\/media?parent=9717"}],"wp:term":[{"taxonomy":"category","embeddable":true,"href":"https:\/\/sertaneja95fm.com.br\/sited\/wp-json\/wp\/v2\/categories?post=9717"},{"taxonomy":"post_tag","embeddable":true,"href":"https:\/\/sertaneja95fm.com.br\/sited\/wp-json\/wp\/v2\/tags?post=9717"}],"curies":[{"name":"wp","href":"https:\/\/api.w.org\/{rel}","templated":true}]}}