{"id":9855,"date":"2025-03-10T14:25:19","date_gmt":"2025-03-10T17:25:19","guid":{"rendered":"https:\/\/sertaneja95fm.com.br\/sited\/?p=9855"},"modified":"2025-03-10T14:26:42","modified_gmt":"2025-03-10T17:26:42","slug":"papa-francisco-apresenta-boa-resposta-a-tratamento-indica-fonte","status":"publish","type":"post","link":"https:\/\/sertaneja95fm.com.br\/sited\/papa-francisco-apresenta-boa-resposta-a-tratamento-indica-fonte\/","title":{"rendered":"Papa Francisco apresenta boa resposta a tratamento, indica fonte"},"content":{"rendered":"<p>Pela primeira vez desde sua hospitaliza\u00e7\u00e3o h\u00e1 cerca de tr\u00eas semanas, o Papa Francisco est\u00e1 mostrando uma boa resposta ao tratamento, disse uma fonte do Vaticano \u00e0 CNN.<\/p>\n<p>Isso segue uma declara\u00e7\u00e3o da assessoria de imprensa do Vaticano no s\u00e1bado (8) que descreveu \u201cuma boa resposta \u00e0 terapia\u201d e uma \u201cmelhora gradual e leve\u201d desde seus epis\u00f3dios de insufici\u00eancia respirat\u00f3ria aguda na segunda-feira.<\/p>\n<p>A fonte do Vaticano disse que essa melhora foi devido \u00e0 \u201ctroca gasosa\u201d nos pulm\u00f5es e \u00e0 oxigena\u00e7\u00e3o do sangue. No entanto, o risco de outra crise respirat\u00f3ria permanece e o progn\u00f3stico ainda \u00e9 reservado, enfatizou a fonte.<\/p>\n<p>O papa continua a alternar entre terapia de oxig\u00eanio de alto fluxo durante o dia e ventila\u00e7\u00e3o n\u00e3o invasiva \u00e0 noite, disse a assessoria de imprensa do Vaticano.<\/p>\n<p>Na manh\u00e3 de s\u00e1bado, Francisco rezou dentro de uma capela. \u00c0 tarde, ele descansou e se envolveu em atividades de trabalho, disse a assessoria.<\/p>\n<p>No domingo, Francisco participou da missa na capela no 10\u00ba andar do hospital Gemelli de Roma, depois participou via transmiss\u00e3o de v\u00eddeo dos \u201cexerc\u00edcios espirituais\u201d que ocorrem no Vaticano durante a quaresma, disse a Sala de Imprensa da Santa S\u00e9.<\/p>\n<p>Uma fonte do Vaticano disse que Francisco permaneceu conectado \u00e0 transmiss\u00e3o de v\u00eddeo durante a medita\u00e7\u00e3o e conseguiu ver membros da C\u00faria \u2014 que s\u00e3o os burocratas do Vaticano \u2014 mas n\u00e3o se comunicou com eles. De acordo com a fonte, a condi\u00e7\u00e3o m\u00e9dica do papa continua a mesma de s\u00e1bado, com o pont\u00edfice de 88 anos experimentando estabilidade e leve melhora, mas ainda tendo um \u201cquadro geral complexo\u201d.<\/p>\n<p>Desde o incidente de segunda-feira, o papa permaneceu em condi\u00e7\u00e3o est\u00e1vel e recebeu fisioterapia respirat\u00f3ria e motora. Ele divulgou uma mensagem de \u00e1udio pr\u00e9-gravada na quinta-feira agradecendo seus apoiadores por suas ora\u00e7\u00f5es.<\/p>\n<p><strong>CNN<\/strong><\/p>\n<p><em>foto: Reprodu\u00e7\u00e3o Vatican News<\/em><\/p>\n","protected":false},"excerpt":{"rendered":"<p>Pela primeira vez desde sua hospitaliza\u00e7\u00e3o h\u00e1 cerca de tr\u00eas semanas, o Papa Francisco est\u00e1 mostrando uma boa resposta ao tratamento, disse uma fonte do Vaticano \u00e0 CNN. Isso segue uma declara\u00e7\u00e3o da assessoria de imprensa do Vaticano no s\u00e1bado (8) que descreveu \u201cuma boa resposta \u00e0 terapia\u201d e uma \u201cmelhora gradual e leve\u201d desde [&hellip;]<\/p>\n","protected":false},"author":2,"featured_media":9856,"comment_status":"open","ping_status":"open","sticky":false,"template":"","format":"standard","meta":{"footnotes":""},"categories":[3,4,5,6,7,8,1],"tags":[],"class_list":["post-9855","post","type-post","status-publish","format-standard","has-post-thumbnail","hentry","category-destaque","category-locais","category-noticias","category-podcasts","category-sem-categoria","category-ultimas","category-uncategorized"],"aioseo_notices":[],"_links":{"self":[{"href":"https:\/\/sertaneja95fm.com.br\/sited\/wp-json\/wp\/v2\/posts\/9855","targetHints":{"allow":["GET"]}}],"collection":[{"href":"https:\/\/sertaneja95fm.com.br\/sited\/wp-json\/wp\/v2\/posts"}],"about":[{"href":"https:\/\/sertaneja95fm.com.br\/sited\/wp-json\/wp\/v2\/types\/post"}],"author":[{"embeddable":true,"href":"https:\/\/sertaneja95fm.com.br\/sited\/wp-json\/wp\/v2\/users\/2"}],"replies":[{"embeddable":true,"href":"https:\/\/sertaneja95fm.com.br\/sited\/wp-json\/wp\/v2\/comments?post=9855"}],"version-history":[{"count":3,"href":"https:\/\/sertaneja95fm.com.br\/sited\/wp-json\/wp\/v2\/posts\/9855\/revisions"}],"predecessor-version":[{"id":9859,"href":"https:\/\/sertaneja95fm.com.br\/sited\/wp-json\/wp\/v2\/posts\/9855\/revisions\/9859"}],"wp:featuredmedia":[{"embeddable":true,"href":"https:\/\/sertaneja95fm.com.br\/sited\/wp-json\/wp\/v2\/media\/9856"}],"wp:attachment":[{"href":"https:\/\/sertaneja95fm.com.br\/sited\/wp-json\/wp\/v2\/media?parent=9855"}],"wp:term":[{"taxonomy":"category","embeddable":true,"href":"https:\/\/sertaneja95fm.com.br\/sited\/wp-json\/wp\/v2\/categories?post=9855"},{"taxonomy":"post_tag","embeddable":true,"href":"https:\/\/sertaneja95fm.com.br\/sited\/wp-json\/wp\/v2\/tags?post=9855"}],"curies":[{"name":"wp","href":"https:\/\/api.w.org\/{rel}","templated":true}]}}