{"id":9876,"date":"2025-03-19T15:22:15","date_gmt":"2025-03-19T18:22:15","guid":{"rendered":"https:\/\/sertaneja95fm.com.br\/sited\/?p=9876"},"modified":"2025-03-19T15:22:15","modified_gmt":"2025-03-19T18:22:15","slug":"currais-novos-se-prepara-para-mais-uma-edicao-do-startup-day-2025","status":"publish","type":"post","link":"https:\/\/sertaneja95fm.com.br\/sited\/currais-novos-se-prepara-para-mais-uma-edicao-do-startup-day-2025\/","title":{"rendered":"Currais Novos se prepara para mais uma edi\u00e7\u00e3o do Startup Day 2025"},"content":{"rendered":"<p>No pr\u00f3ximo 22 de mar\u00e7o, Currais Novos sediar\u00e1 a 5\u00aa edi\u00e7\u00e3o do Startup Day, evento de inova\u00e7\u00e3o que acontece simultaneamente em 300 cidades brasileiras. No Rio Grande do Norte, nove munic\u00edpios participar\u00e3o ativamente, e Currais Novos, que nos \u00faltimos dois anos registrou recorde de p\u00fablico no estado, se fortalece como um dos principais polos de inova\u00e7\u00e3o do RN.<\/p>\n<p>Uma das grandes atra\u00e7\u00f5es deste ano ser\u00e1 Santiago Uribe, refer\u00eancia mundial em inova\u00e7\u00e3o social e pe\u00e7a-chave na transforma\u00e7\u00e3o de Medell\u00edn. Ele trar\u00e1 insights sobre como inova\u00e7\u00e3o e empreendedorismo podem impulsionar o desenvolvimento regional. Outra presen\u00e7a de destaque ser\u00e1 Carlos Von Sohsten, do IA Lab SEBRAE RN, que abordar\u00e1 o impacto da intelig\u00eancia artificial nos neg\u00f3cios com a palestra \u201cIntelig\u00eancia Artificial: O Motor da Transforma\u00e7\u00e3o nos Neg\u00f3cios\u201d.<\/p>\n<p>A programa\u00e7\u00e3o contar\u00e1 com palestras, pain\u00e9is interativos e tr\u00eas palcos tem\u00e1ticos:<br \/>\n\u2022 Palco Techno Valley \u2013 A tecnologia como motor para forma\u00e7\u00e3o de talentos.<br \/>\n\u2022 Palco Potiguaras Valley \u2013 O impacto dos editais de fomento no crescimento das startups.<br \/>\n\u2022 Palco Ecossistema \u2013 Como parcerias locais impulsionam neg\u00f3cios inovadores.<\/p>\n<p>Al\u00e9m disso, a Startup Arena ser\u00e1 um espa\u00e7o dedicado \u00e0 exposi\u00e7\u00e3o de startups e projetos inovadores do Ecossistema Local de Inova\u00e7\u00e3o. Para facilitar o acesso ao evento, a Prefeitura de Currais Novos disponibilizar\u00e1 \u00f4nibus gratuitos para os participantes.<\/p>\n<p>Data: 22 de mar\u00e7o<br \/>\nLocal: AeroClube \u2013 Currais Novos<br \/>\nHor\u00e1rio: 14h \u00e0s 20h<\/p>\n<p>As inscri\u00e7\u00f5es j\u00e1 est\u00e3o abertas. Participe e fa\u00e7a parte desse grande movimento de inova\u00e7\u00e3o no RN. Inscreva-se: https:\/\/www.sympla.com.br\/evento\/startup-day-rio-grande-do-norte\/2811837<\/p>\n","protected":false},"excerpt":{"rendered":"<p>No pr\u00f3ximo 22 de mar\u00e7o, Currais Novos sediar\u00e1 a 5\u00aa edi\u00e7\u00e3o do Startup Day, evento de inova\u00e7\u00e3o que acontece simultaneamente em 300 cidades brasileiras. No Rio Grande do Norte, nove munic\u00edpios participar\u00e3o ativamente, e Currais Novos, que nos \u00faltimos dois anos registrou recorde de p\u00fablico no estado, se fortalece como um dos principais polos de [&hellip;]<\/p>\n","protected":false},"author":2,"featured_media":9877,"comment_status":"open","ping_status":"open","sticky":false,"template":"","format":"standard","meta":{"footnotes":""},"categories":[9,3,4,5,6,7,8],"tags":[],"class_list":["post-9876","post","type-post","status-publish","format-standard","has-post-thumbnail","hentry","category-9","category-destaque","category-locais","category-noticias","category-podcasts","category-sem-categoria","category-ultimas"],"aioseo_notices":[],"_links":{"self":[{"href":"https:\/\/sertaneja95fm.com.br\/sited\/wp-json\/wp\/v2\/posts\/9876","targetHints":{"allow":["GET"]}}],"collection":[{"href":"https:\/\/sertaneja95fm.com.br\/sited\/wp-json\/wp\/v2\/posts"}],"about":[{"href":"https:\/\/sertaneja95fm.com.br\/sited\/wp-json\/wp\/v2\/types\/post"}],"author":[{"embeddable":true,"href":"https:\/\/sertaneja95fm.com.br\/sited\/wp-json\/wp\/v2\/users\/2"}],"replies":[{"embeddable":true,"href":"https:\/\/sertaneja95fm.com.br\/sited\/wp-json\/wp\/v2\/comments?post=9876"}],"version-history":[{"count":1,"href":"https:\/\/sertaneja95fm.com.br\/sited\/wp-json\/wp\/v2\/posts\/9876\/revisions"}],"predecessor-version":[{"id":9878,"href":"https:\/\/sertaneja95fm.com.br\/sited\/wp-json\/wp\/v2\/posts\/9876\/revisions\/9878"}],"wp:featuredmedia":[{"embeddable":true,"href":"https:\/\/sertaneja95fm.com.br\/sited\/wp-json\/wp\/v2\/media\/9877"}],"wp:attachment":[{"href":"https:\/\/sertaneja95fm.com.br\/sited\/wp-json\/wp\/v2\/media?parent=9876"}],"wp:term":[{"taxonomy":"category","embeddable":true,"href":"https:\/\/sertaneja95fm.com.br\/sited\/wp-json\/wp\/v2\/categories?post=9876"},{"taxonomy":"post_tag","embeddable":true,"href":"https:\/\/sertaneja95fm.com.br\/sited\/wp-json\/wp\/v2\/tags?post=9876"}],"curies":[{"name":"wp","href":"https:\/\/api.w.org\/{rel}","templated":true}]}}