{"id":9879,"date":"2025-03-19T15:31:19","date_gmt":"2025-03-19T18:31:19","guid":{"rendered":"https:\/\/sertaneja95fm.com.br\/sited\/?p=9879"},"modified":"2025-03-19T15:31:19","modified_gmt":"2025-03-19T18:31:19","slug":"dia-de-sao-jose-caminhada-na-madrugada-e-lavagem-do-altar-marcam-tradicao-pela-chuva-em-currais-novos","status":"publish","type":"post","link":"https:\/\/sertaneja95fm.com.br\/sited\/dia-de-sao-jose-caminhada-na-madrugada-e-lavagem-do-altar-marcam-tradicao-pela-chuva-em-currais-novos\/","title":{"rendered":"Dia de S\u00e3o Jos\u00e9: Caminhada na madrugada e lavagem do altar marcam tradi\u00e7\u00e3o pela chuva em Currais Novos"},"content":{"rendered":"<p>Na madrugada desta quarta-feira, 19 de mar\u00e7o, fi\u00e9is se reuniram para a tradicional Caminhada com a imagem de S\u00e3o Jos\u00e9, saindo da Matriz de Sant\u2019Ana em dire\u00e7\u00e3o ao Cruzeiro. O momento de f\u00e9 come\u00e7ou \u00e0s 4h30 com a ora\u00e7\u00e3o do Ros\u00e1rio, pedindo a intercess\u00e3o do santo pelas chuvas.<\/p>\n<p>Ao chegarem ao Cruzeiro, os fi\u00e9is participaram da lavagem do altar, mantendo viva uma antiga tradi\u00e7\u00e3o na qual os cruzeiros eram lavados como s\u00edmbolo de purifica\u00e7\u00e3o e s\u00faplica por chuvas.<\/p>\n<p>Blog do Ismael Medeiros<\/p>\n","protected":false},"excerpt":{"rendered":"<p>Na madrugada desta quarta-feira, 19 de mar\u00e7o, fi\u00e9is se reuniram para a tradicional Caminhada com a imagem de S\u00e3o Jos\u00e9, saindo da Matriz de Sant\u2019Ana em dire\u00e7\u00e3o ao Cruzeiro. O momento de f\u00e9 come\u00e7ou \u00e0s 4h30 com a ora\u00e7\u00e3o do Ros\u00e1rio, pedindo a intercess\u00e3o do santo pelas chuvas. Ao chegarem ao Cruzeiro, os fi\u00e9is participaram [&hellip;]<\/p>\n","protected":false},"author":2,"featured_media":9880,"comment_status":"open","ping_status":"open","sticky":false,"template":"","format":"standard","meta":{"footnotes":""},"categories":[3,4,5,6,7,8],"tags":[],"class_list":["post-9879","post","type-post","status-publish","format-standard","has-post-thumbnail","hentry","category-destaque","category-locais","category-noticias","category-podcasts","category-sem-categoria","category-ultimas"],"aioseo_notices":[],"_links":{"self":[{"href":"https:\/\/sertaneja95fm.com.br\/sited\/wp-json\/wp\/v2\/posts\/9879","targetHints":{"allow":["GET"]}}],"collection":[{"href":"https:\/\/sertaneja95fm.com.br\/sited\/wp-json\/wp\/v2\/posts"}],"about":[{"href":"https:\/\/sertaneja95fm.com.br\/sited\/wp-json\/wp\/v2\/types\/post"}],"author":[{"embeddable":true,"href":"https:\/\/sertaneja95fm.com.br\/sited\/wp-json\/wp\/v2\/users\/2"}],"replies":[{"embeddable":true,"href":"https:\/\/sertaneja95fm.com.br\/sited\/wp-json\/wp\/v2\/comments?post=9879"}],"version-history":[{"count":1,"href":"https:\/\/sertaneja95fm.com.br\/sited\/wp-json\/wp\/v2\/posts\/9879\/revisions"}],"predecessor-version":[{"id":9881,"href":"https:\/\/sertaneja95fm.com.br\/sited\/wp-json\/wp\/v2\/posts\/9879\/revisions\/9881"}],"wp:featuredmedia":[{"embeddable":true,"href":"https:\/\/sertaneja95fm.com.br\/sited\/wp-json\/wp\/v2\/media\/9880"}],"wp:attachment":[{"href":"https:\/\/sertaneja95fm.com.br\/sited\/wp-json\/wp\/v2\/media?parent=9879"}],"wp:term":[{"taxonomy":"category","embeddable":true,"href":"https:\/\/sertaneja95fm.com.br\/sited\/wp-json\/wp\/v2\/categories?post=9879"},{"taxonomy":"post_tag","embeddable":true,"href":"https:\/\/sertaneja95fm.com.br\/sited\/wp-json\/wp\/v2\/tags?post=9879"}],"curies":[{"name":"wp","href":"https:\/\/api.w.org\/{rel}","templated":true}]}}