{"id":9890,"date":"2025-03-24T16:36:18","date_gmt":"2025-03-24T19:36:18","guid":{"rendered":"https:\/\/sertaneja95fm.com.br\/sited\/?p=9890"},"modified":"2025-03-24T16:36:18","modified_gmt":"2025-03-24T19:36:18","slug":"bebe-de-30-dias-morre-em-caico-a-espera-de-transferencia-para-uti-neonatal","status":"publish","type":"post","link":"https:\/\/sertaneja95fm.com.br\/sited\/bebe-de-30-dias-morre-em-caico-a-espera-de-transferencia-para-uti-neonatal\/","title":{"rendered":"Beb\u00ea de 30 dias morre em Caic\u00f3 \u00e0 espera de transfer\u00eancia para UTI neonatal"},"content":{"rendered":"<p>Jos\u00e9 Emanuel Medeiros Silva, de apenas 30 dias de vida, faleceu nesta segunda-feira (24), ap\u00f3s dias internado no Hospital do Serid\u00f3, em Caic\u00f3, aguardando transfer\u00eancia urgente para uma UTI neonatal em Mossor\u00f3. A hist\u00f3ria do rec\u00e9m-nascido havia comovido a regi\u00e3o, ap\u00f3s a av\u00f3, Maria Aparecida de Medeiros, fazer um apelo emocionante no domingo (23), clamando por agilidade no processo.<\/p>\n<p>Segundo a fam\u00edlia, o beb\u00ea deu entrada na unidade hospitalar com problemas card\u00edacos e foi imediatamente internado ap\u00f3s exames identificarem altera\u00e7\u00f5es no cora\u00e7\u00e3o. Durante a interna\u00e7\u00e3o, Jos\u00e9 Emanuel sofreu duas paradas card\u00edacas e precisou ser entubado. A m\u00e9dica respons\u00e1vel pela crian\u00e7a fez diversos esfor\u00e7os para garantir atendimento em uma unidade de terapia intensiva especializada.<\/p>\n<p>Ainda segundo a av\u00f3, duas vagas chegaram a ser obtidas em hospitais de Natal, mas teriam sido recusadas. Em seguida, foi confirmada uma vaga em Mossor\u00f3, mas a transfer\u00eancia n\u00e3o aconteceu por falta de transporte adequado e condi\u00e7\u00f5es de sa\u00fade do pr\u00f3prio beb\u00ea. No domingo, chegou a ser tentado o deslocamento do beb\u00ea, quando houve uma breve estabiliza\u00e7\u00e3o em sua satura\u00e7\u00e3o, mas durante o trajeto at\u00e9 a ambul\u00e2ncia, a condi\u00e7\u00e3o de sa\u00fade voltou a se agravar e a equipe m\u00e9dica precisou recuar. Nesta segunda-feira, infelizmente, o beb\u00ea n\u00e3o resistiu.<\/p>\n<p>A fam\u00edlia afirma que n\u00e3o recebeu informa\u00e7\u00f5es claras sobre o diagn\u00f3stico do rec\u00e9m-nascido e lamenta a demora no processo de transfer\u00eancia. O caso escancara a fragilidade do sistema de regula\u00e7\u00e3o de leitos neonatais e a dificuldade de acesso ao transporte especializado, especialmente para pacientes do interior do estado.<\/p>\n<p><strong>Blog do Marcos Dantas<\/strong><\/p>\n<p><em>Foto: Reprodu\u00e7\u00e3o<\/em><\/p>\n","protected":false},"excerpt":{"rendered":"<p>Jos\u00e9 Emanuel Medeiros Silva, de apenas 30 dias de vida, faleceu nesta segunda-feira (24), ap\u00f3s dias internado no Hospital do Serid\u00f3, em Caic\u00f3, aguardando transfer\u00eancia urgente para uma UTI neonatal em Mossor\u00f3. A hist\u00f3ria do rec\u00e9m-nascido havia comovido a regi\u00e3o, ap\u00f3s a av\u00f3, Maria Aparecida de Medeiros, fazer um apelo emocionante no domingo (23), clamando [&hellip;]<\/p>\n","protected":false},"author":2,"featured_media":9891,"comment_status":"open","ping_status":"open","sticky":false,"template":"","format":"standard","meta":{"footnotes":""},"categories":[9,3,4,5,6,7,8],"tags":[],"class_list":["post-9890","post","type-post","status-publish","format-standard","has-post-thumbnail","hentry","category-9","category-destaque","category-locais","category-noticias","category-podcasts","category-sem-categoria","category-ultimas"],"aioseo_notices":[],"_links":{"self":[{"href":"https:\/\/sertaneja95fm.com.br\/sited\/wp-json\/wp\/v2\/posts\/9890","targetHints":{"allow":["GET"]}}],"collection":[{"href":"https:\/\/sertaneja95fm.com.br\/sited\/wp-json\/wp\/v2\/posts"}],"about":[{"href":"https:\/\/sertaneja95fm.com.br\/sited\/wp-json\/wp\/v2\/types\/post"}],"author":[{"embeddable":true,"href":"https:\/\/sertaneja95fm.com.br\/sited\/wp-json\/wp\/v2\/users\/2"}],"replies":[{"embeddable":true,"href":"https:\/\/sertaneja95fm.com.br\/sited\/wp-json\/wp\/v2\/comments?post=9890"}],"version-history":[{"count":1,"href":"https:\/\/sertaneja95fm.com.br\/sited\/wp-json\/wp\/v2\/posts\/9890\/revisions"}],"predecessor-version":[{"id":9892,"href":"https:\/\/sertaneja95fm.com.br\/sited\/wp-json\/wp\/v2\/posts\/9890\/revisions\/9892"}],"wp:featuredmedia":[{"embeddable":true,"href":"https:\/\/sertaneja95fm.com.br\/sited\/wp-json\/wp\/v2\/media\/9891"}],"wp:attachment":[{"href":"https:\/\/sertaneja95fm.com.br\/sited\/wp-json\/wp\/v2\/media?parent=9890"}],"wp:term":[{"taxonomy":"category","embeddable":true,"href":"https:\/\/sertaneja95fm.com.br\/sited\/wp-json\/wp\/v2\/categories?post=9890"},{"taxonomy":"post_tag","embeddable":true,"href":"https:\/\/sertaneja95fm.com.br\/sited\/wp-json\/wp\/v2\/tags?post=9890"}],"curies":[{"name":"wp","href":"https:\/\/api.w.org\/{rel}","templated":true}]}}