{"id":9906,"date":"2025-03-27T15:38:54","date_gmt":"2025-03-27T18:38:54","guid":{"rendered":"https:\/\/sertaneja95fm.com.br\/sited\/?p=9906"},"modified":"2025-03-27T15:38:54","modified_gmt":"2025-03-27T18:38:54","slug":"rally-rn-1500-recebe-chancela-internacional-de-motociclismo-e-passa-a-integrar-o-campeonato-latino-americano-de-rally-raid","status":"publish","type":"post","link":"https:\/\/sertaneja95fm.com.br\/sited\/rally-rn-1500-recebe-chancela-internacional-de-motociclismo-e-passa-a-integrar-o-campeonato-latino-americano-de-rally-raid\/","title":{"rendered":"Rally RN 1500 recebe chancela internacional de Motociclismo e passa a integrar o Campeonato Latino-Americano de Rally Raid"},"content":{"rendered":"\r\n\r\nO Rally RN 1500 acaba de conquistar um marco hist\u00f3rico: a prova foi homologada pela Federa\u00e7\u00e3o Internacional de Motociclismo (FIM) como a segunda etapa do Campeonato Latino-Americano de Rally Raid. A chancela internacional refor\u00e7a a import\u00e2ncia do evento, que agora figura oficialmente entre as principais competi\u00e7\u00f5es do continente, elevando ainda mais o n\u00edvel t\u00e9cnico da prova e colocando o Rio Grande do Norte no radar do cen\u00e1rio mundial do rally cross-country.\r\n\r\n \r\n\r\nCom essa conquista, o RN 1500 se consolida como a segunda maior prova de rally raid do Brasil e se junta a um seleto grupo de competi\u00e7\u00f5es internacionais reconhecidas pela FIM.\r\n\r\n \r\n\r\nPara Klebinho Tinoco, organizador do evento, a homologa\u00e7\u00e3o representa uma conquista sem precedentes para o rally nacional:\r\n\r\n \r\n<blockquote class=\"wp-block-quote is-layout-flow wp-block-quote-is-layout-flow\">\u201cEstamos extremamente felizes com esse reconhecimento. O RN 1500 sempre foi uma prova t\u00e9cnica, desafiadora e com DNA de rally raiz. Agora, com a chancela da FIM e fazendo parte do Campeonato Latino-Americano, damos um salto ainda maior, atraindo competidores internacionais e colocando o Rio Grande do Norte como refer\u00eancia no rally raid. \u00c9 um momento de celebra\u00e7\u00e3o para toda a comunidade off-road!\u201d\r\n\r\n<\/blockquote>\r\n \r\n\r\nO Rally RN 1500 ser\u00e1 realizado entre os dias 7 e 11 de abril de 2025, cruzando os estados de Pernambuco, Para\u00edba e Rio Grande do Norte em um percurso de mais de 1000 km de desafios extremos, com uma variedade de terrenos que encanta os competidores.\r\n\r\n \r\n\r\nErick Nevels, diretor da Federa\u00e7\u00e3o Internacional de Motociclismo (FIM) para a Comiss\u00e3o de Todo Terreno na Am\u00e9rica Latina, comentou sobre a inclus\u00e3o do RN 1500 no calend\u00e1rio oficial.\r\n\r\n \r\n<blockquote class=\"wp-block-quote is-layout-flow wp-block-quote-is-layout-flow\">\u201c\u00c9 uma honra poder confirmar a segunda etapa do Campeonato Latino-Americano de Rally Raid no Brasil, com o evento RN 1500. Ap\u00f3s participar de reuni\u00f5es online com a organiza\u00e7\u00e3o, vimos que h\u00e1 pessoas t\u00e3o apaixonadas e comprometidas com o esporte e com os altos padr\u00f5es que a nossa modalidade exige. O RN 1500 tem muitos anos de experi\u00eancia e estamos certos de que realizar\u00e1 uma prova \u00e0 altura das exig\u00eancias do campeonato.\u201d\r\n\r\n<\/blockquote>\r\n \r\n\r\nAs inscri\u00e7\u00f5es podem ser realizadas por meio do LINK (https:\/\/linktr.ee\/rallyrn1500).\r\n\r\n \r\n\r\nSobre o Rally RN 1500\r\n\r\n","protected":false},"excerpt":{"rendered":"<p>O Rally RN 1500 acaba de conquistar um marco hist\u00f3rico: a prova foi homologada pela Federa\u00e7\u00e3o Internacional de Motociclismo (FIM) como a segunda etapa do Campeonato Latino-Americano de Rally Raid. A chancela internacional refor\u00e7a a import\u00e2ncia do evento, que agora figura oficialmente entre as principais competi\u00e7\u00f5es do continente, elevando ainda mais o n\u00edvel t\u00e9cnico da [&hellip;]<\/p>\n","protected":false},"author":2,"featured_media":9908,"comment_status":"open","ping_status":"open","sticky":false,"template":"","format":"standard","meta":{"footnotes":""},"categories":[3,4,5,6,7,8],"tags":[],"class_list":["post-9906","post","type-post","status-publish","format-standard","has-post-thumbnail","hentry","category-destaque","category-locais","category-noticias","category-podcasts","category-sem-categoria","category-ultimas"],"aioseo_notices":[],"_links":{"self":[{"href":"https:\/\/sertaneja95fm.com.br\/sited\/wp-json\/wp\/v2\/posts\/9906","targetHints":{"allow":["GET"]}}],"collection":[{"href":"https:\/\/sertaneja95fm.com.br\/sited\/wp-json\/wp\/v2\/posts"}],"about":[{"href":"https:\/\/sertaneja95fm.com.br\/sited\/wp-json\/wp\/v2\/types\/post"}],"author":[{"embeddable":true,"href":"https:\/\/sertaneja95fm.com.br\/sited\/wp-json\/wp\/v2\/users\/2"}],"replies":[{"embeddable":true,"href":"https:\/\/sertaneja95fm.com.br\/sited\/wp-json\/wp\/v2\/comments?post=9906"}],"version-history":[{"count":1,"href":"https:\/\/sertaneja95fm.com.br\/sited\/wp-json\/wp\/v2\/posts\/9906\/revisions"}],"predecessor-version":[{"id":9909,"href":"https:\/\/sertaneja95fm.com.br\/sited\/wp-json\/wp\/v2\/posts\/9906\/revisions\/9909"}],"wp:featuredmedia":[{"embeddable":true,"href":"https:\/\/sertaneja95fm.com.br\/sited\/wp-json\/wp\/v2\/media\/9908"}],"wp:attachment":[{"href":"https:\/\/sertaneja95fm.com.br\/sited\/wp-json\/wp\/v2\/media?parent=9906"}],"wp:term":[{"taxonomy":"category","embeddable":true,"href":"https:\/\/sertaneja95fm.com.br\/sited\/wp-json\/wp\/v2\/categories?post=9906"},{"taxonomy":"post_tag","embeddable":true,"href":"https:\/\/sertaneja95fm.com.br\/sited\/wp-json\/wp\/v2\/tags?post=9906"}],"curies":[{"name":"wp","href":"https:\/\/api.w.org\/{rel}","templated":true}]}}