{"id":9946,"date":"2025-04-04T16:18:51","date_gmt":"2025-04-04T19:18:51","guid":{"rendered":"https:\/\/sertaneja95fm.com.br\/sited\/?p=9946"},"modified":"2025-04-04T16:18:51","modified_gmt":"2025-04-04T19:18:51","slug":"por-forca-de-mandado-da-comarca-de-currais-novos-homem-condenado-por-estupro-e-preso-pela-policia-civil-no-ceara","status":"publish","type":"post","link":"https:\/\/sertaneja95fm.com.br\/sited\/por-forca-de-mandado-da-comarca-de-currais-novos-homem-condenado-por-estupro-e-preso-pela-policia-civil-no-ceara\/","title":{"rendered":"Por for\u00e7a de mandado da Comarca de Currais Novos, homem condenado por estupro \u00e9 preso pela Pol\u00edcia Civil no Cear\u00e1"},"content":{"rendered":"<p>Policiais civis do 3\u00ba N\u00facleo de Investiga\u00e7\u00e3o Qualificada (NIQ), com apoio da Delegacia de Senador Pompeu, da Pol\u00edcia Civil do Cear\u00e1, cumpriram um mandado de pris\u00e3o decorrente de senten\u00e7a penal condenat\u00f3ria, expedida pela 2\u00aa Vara da Comarca de Currais Novos, nesta quinta-feira (3), contra um homem de 63 anos, condenado pela pr\u00e1tica do crime de estupro.<\/p>\n<p>A pris\u00e3o foi realizada no munic\u00edpio de Deputado Irapuan Pinheiro, no Cear\u00e1. De acordo com as investiga\u00e7\u00f5es, o homem estava foragido da Justi\u00e7a.<\/p>\n<p>Ap\u00f3s a realiza\u00e7\u00e3o das dilig\u00eancias, o homem foi localizado e, na sequ\u00eancia, preso. O condenado foi conduzido \u00e0 Delegacia para a realiza\u00e7\u00e3o dos procedimentos legais e, em seguida, encaminhado ao sistema prisional, onde cumprir\u00e1 uma pena de 10 anos, 2 meses e 14 dias de reclus\u00e3o em regime fechado.<\/p>\n<p>Fonte: Secretaria de Comunica\u00e7\u00e3o Social da Pol\u00edcia Civil do RN \u2013 SECOMS.<\/p>\n","protected":false},"excerpt":{"rendered":"<p>Policiais civis do 3\u00ba N\u00facleo de Investiga\u00e7\u00e3o Qualificada (NIQ), com apoio da Delegacia de Senador Pompeu, da Pol\u00edcia Civil do Cear\u00e1, cumpriram um mandado de pris\u00e3o decorrente de senten\u00e7a penal condenat\u00f3ria, expedida pela 2\u00aa Vara da Comarca de Currais Novos, nesta quinta-feira (3), contra um homem de 63 anos, condenado pela pr\u00e1tica do crime de [&hellip;]<\/p>\n","protected":false},"author":2,"featured_media":9947,"comment_status":"open","ping_status":"open","sticky":false,"template":"","format":"standard","meta":{"footnotes":""},"categories":[3,4,5,6,7,8],"tags":[],"class_list":["post-9946","post","type-post","status-publish","format-standard","has-post-thumbnail","hentry","category-destaque","category-locais","category-noticias","category-podcasts","category-sem-categoria","category-ultimas"],"aioseo_notices":[],"_links":{"self":[{"href":"https:\/\/sertaneja95fm.com.br\/sited\/wp-json\/wp\/v2\/posts\/9946","targetHints":{"allow":["GET"]}}],"collection":[{"href":"https:\/\/sertaneja95fm.com.br\/sited\/wp-json\/wp\/v2\/posts"}],"about":[{"href":"https:\/\/sertaneja95fm.com.br\/sited\/wp-json\/wp\/v2\/types\/post"}],"author":[{"embeddable":true,"href":"https:\/\/sertaneja95fm.com.br\/sited\/wp-json\/wp\/v2\/users\/2"}],"replies":[{"embeddable":true,"href":"https:\/\/sertaneja95fm.com.br\/sited\/wp-json\/wp\/v2\/comments?post=9946"}],"version-history":[{"count":1,"href":"https:\/\/sertaneja95fm.com.br\/sited\/wp-json\/wp\/v2\/posts\/9946\/revisions"}],"predecessor-version":[{"id":9948,"href":"https:\/\/sertaneja95fm.com.br\/sited\/wp-json\/wp\/v2\/posts\/9946\/revisions\/9948"}],"wp:featuredmedia":[{"embeddable":true,"href":"https:\/\/sertaneja95fm.com.br\/sited\/wp-json\/wp\/v2\/media\/9947"}],"wp:attachment":[{"href":"https:\/\/sertaneja95fm.com.br\/sited\/wp-json\/wp\/v2\/media?parent=9946"}],"wp:term":[{"taxonomy":"category","embeddable":true,"href":"https:\/\/sertaneja95fm.com.br\/sited\/wp-json\/wp\/v2\/categories?post=9946"},{"taxonomy":"post_tag","embeddable":true,"href":"https:\/\/sertaneja95fm.com.br\/sited\/wp-json\/wp\/v2\/tags?post=9946"}],"curies":[{"name":"wp","href":"https:\/\/api.w.org\/{rel}","templated":true}]}}