{"id":9962,"date":"2025-04-09T16:52:28","date_gmt":"2025-04-09T19:52:28","guid":{"rendered":"https:\/\/sertaneja95fm.com.br\/sited\/?p=9962"},"modified":"2025-04-09T16:52:28","modified_gmt":"2025-04-09T19:52:28","slug":"currais-novos-recebera-projeto-assembleia-e-voce-nos-dias-23-e-24-de-abril","status":"publish","type":"post","link":"https:\/\/sertaneja95fm.com.br\/sited\/currais-novos-recebera-projeto-assembleia-e-voce-nos-dias-23-e-24-de-abril\/","title":{"rendered":"Currais Novos receber\u00e1 Projeto \u201cAssembleia e Voc\u00ea\u201d nos dias 23 e 24 de abril"},"content":{"rendered":"<p>Diversos servi\u00e7os gratuitos nas \u00e1reas social, de educa\u00e7\u00e3o, sa\u00fade e direito, ser\u00e3o disponibilizados nos dias 23 e 24 de abril no Projeto \u201cAssembleia e Voc\u00ea\u201d para a popula\u00e7\u00e3o de Currais Novos. O evento realizado pela Assembleia Legislativa do Rio Grande do Norte tem como objetivo promover a\u00e7\u00f5es de cidadania \u00e0 popula\u00e7\u00e3o.<br \/>\nAp\u00f3s um pedido da Vice-Prefeita Milena Galv\u00e3o, que participa ativamente dos preparativos e organiza\u00e7\u00e3o, o projeto estar\u00e1 em Currais Novos com uma grande estrutura no Largo da Avenida Cel. Jos\u00e9 Bezerra, com diversos servi\u00e7os em sa\u00fade, educa\u00e7\u00e3o, a\u00e7\u00e3o social, expedi\u00e7\u00e3o de documentos, e a parceria com o TJRN para o casamento comunit\u00e1rio. A \u00faltima edi\u00e7\u00e3o do \u201cAssembleia e Voc\u00ea\u201d em Currais Novos foi em 2019, sendo um grande sucesso de participa\u00e7\u00e3o popular. A Prefeitura de Currais Novos \u00e9 parceria do projeto, e agradece \u00e0 Assembleia Legislativa e ao Presidente Deputado Ezequiel Ferreira, por mais uma vez beneficiar nossa cidade com um projeto t\u00e3o importante.<\/p>\n<p>SERVI\u00c7OS:<br \/>\nSer\u00e3o mais de 12 especialistas na \u00e1rea da sa\u00fade que ir\u00e3o atender a popula\u00e7\u00e3o. Na \u00e1rea social, ser\u00e3o disponibilizados muitos servi\u00e7os como emiss\u00e3o da carteira de identidade, CPF, corte de cabelo, designer de sobrancelha, esmalta\u00e7\u00e3o, barbearia, orienta\u00e7\u00f5es para carteira de trabalho (SINE), e 2\u00aa via de certid\u00f5es civis (ANOREG), por exemplo. Na educa\u00e7\u00e3o, atividades recreativas, apresenta\u00e7\u00f5es culturais, exposi\u00e7\u00e3o do Corpo de Bombeiros, educa\u00e7\u00e3o de tr\u00e2nsito, educa\u00e7\u00e3o ambiental, dentre outros. A Procuradoria da Mulher da Assembleia Legislativa do RN (ProMulher) ir\u00e1 orientar a C\u00e2mara Municipal na implementa\u00e7\u00e3o da ProMulher no munic\u00edpio, e outro servi\u00e7o importante ser\u00e1 a orienta\u00e7\u00e3o para a popula\u00e7\u00e3o sobre Direito do Consumidor e consultas ao Serasa.<\/p>\n","protected":false},"excerpt":{"rendered":"<p>Diversos servi\u00e7os gratuitos nas \u00e1reas social, de educa\u00e7\u00e3o, sa\u00fade e direito, ser\u00e3o disponibilizados nos dias 23 e 24 de abril no Projeto \u201cAssembleia e Voc\u00ea\u201d para a popula\u00e7\u00e3o de Currais Novos. O evento realizado pela Assembleia Legislativa do Rio Grande do Norte tem como objetivo promover a\u00e7\u00f5es de cidadania \u00e0 popula\u00e7\u00e3o. Ap\u00f3s um pedido da [&hellip;]<\/p>\n","protected":false},"author":2,"featured_media":9963,"comment_status":"open","ping_status":"open","sticky":false,"template":"","format":"standard","meta":{"footnotes":""},"categories":[3,4,5,6,7,8,1],"tags":[],"class_list":["post-9962","post","type-post","status-publish","format-standard","has-post-thumbnail","hentry","category-destaque","category-locais","category-noticias","category-podcasts","category-sem-categoria","category-ultimas","category-uncategorized"],"aioseo_notices":[],"_links":{"self":[{"href":"https:\/\/sertaneja95fm.com.br\/sited\/wp-json\/wp\/v2\/posts\/9962","targetHints":{"allow":["GET"]}}],"collection":[{"href":"https:\/\/sertaneja95fm.com.br\/sited\/wp-json\/wp\/v2\/posts"}],"about":[{"href":"https:\/\/sertaneja95fm.com.br\/sited\/wp-json\/wp\/v2\/types\/post"}],"author":[{"embeddable":true,"href":"https:\/\/sertaneja95fm.com.br\/sited\/wp-json\/wp\/v2\/users\/2"}],"replies":[{"embeddable":true,"href":"https:\/\/sertaneja95fm.com.br\/sited\/wp-json\/wp\/v2\/comments?post=9962"}],"version-history":[{"count":1,"href":"https:\/\/sertaneja95fm.com.br\/sited\/wp-json\/wp\/v2\/posts\/9962\/revisions"}],"predecessor-version":[{"id":9964,"href":"https:\/\/sertaneja95fm.com.br\/sited\/wp-json\/wp\/v2\/posts\/9962\/revisions\/9964"}],"wp:featuredmedia":[{"embeddable":true,"href":"https:\/\/sertaneja95fm.com.br\/sited\/wp-json\/wp\/v2\/media\/9963"}],"wp:attachment":[{"href":"https:\/\/sertaneja95fm.com.br\/sited\/wp-json\/wp\/v2\/media?parent=9962"}],"wp:term":[{"taxonomy":"category","embeddable":true,"href":"https:\/\/sertaneja95fm.com.br\/sited\/wp-json\/wp\/v2\/categories?post=9962"},{"taxonomy":"post_tag","embeddable":true,"href":"https:\/\/sertaneja95fm.com.br\/sited\/wp-json\/wp\/v2\/tags?post=9962"}],"curies":[{"name":"wp","href":"https:\/\/api.w.org\/{rel}","templated":true}]}}