{"id":9965,"date":"2025-04-09T16:55:14","date_gmt":"2025-04-09T19:55:14","guid":{"rendered":"https:\/\/sertaneja95fm.com.br\/sited\/?p=9965"},"modified":"2025-04-09T16:55:14","modified_gmt":"2025-04-09T19:55:14","slug":"joao-grilo-chega-em-1o-lugar-na-sua-categoria-no-primeiro-dia-do-rally-rn-1500","status":"publish","type":"post","link":"https:\/\/sertaneja95fm.com.br\/sited\/joao-grilo-chega-em-1o-lugar-na-sua-categoria-no-primeiro-dia-do-rally-rn-1500\/","title":{"rendered":"Jo\u00e3o Grilo chega em 1\u00ba lugar na sua categoria no primeiro dia do Rally RN 1500"},"content":{"rendered":"<p>O currais-novense\u00a0<strong>Jo\u00e3o Alfredo,<\/strong>\u00a0mais conhecido como<strong>\u00a0Jo\u00e3o Grilo<\/strong>, fez bonito no primeiro dia do\u00a0<strong>Rally RN 1500.<\/strong>\u00a0Competindo na categoria Motos, ele conquistou o 1\u00ba lugar da sua categoria na Especial 1, que percorreu um trajeto desafiador entre as cidades de Caruaru (PE), Santa Cec\u00edlia (PB) e Cabaceiras (PB).<\/p>\n<p>Com um \u00f3timo desempenho, Jo\u00e3o enfrentou terrenos cheios de serras, muitas pedras e lama, e conseguiu imprimir um ritmo forte durante todo o percurso. Al\u00e9m do excelente resultado em sua categoria, Jo\u00e3o Grilo tamb\u00e9m se destacou na classifica\u00e7\u00e3o geral, alcan\u00e7ando a 9\u00aa coloca\u00e7\u00e3o \u2014 um feito que ele comemora com entusiasmo.<\/p>\n<p><strong>\u201cAgora \u00e9 descansar fisicamente, fazer uma revis\u00e3o geral na moto e me preparar para o segundo dia de especial, que promete muitas surpresas pelo caminho\u201d, afirmou Jo\u00e3o Grilo,<\/strong>\u00a0demonstrando confian\u00e7a e foco para os pr\u00f3ximos desafios da competi\u00e7\u00e3o.<\/p>\n<p>Por: Terradaxelita<\/p>\n","protected":false},"excerpt":{"rendered":"<p>O currais-novense\u00a0Jo\u00e3o Alfredo,\u00a0mais conhecido como\u00a0Jo\u00e3o Grilo, fez bonito no primeiro dia do\u00a0Rally RN 1500.\u00a0Competindo na categoria Motos, ele conquistou o 1\u00ba lugar da sua categoria na Especial 1, que percorreu um trajeto desafiador entre as cidades de Caruaru (PE), Santa Cec\u00edlia (PB) e Cabaceiras (PB). Com um \u00f3timo desempenho, Jo\u00e3o enfrentou terrenos cheios de serras, [&hellip;]<\/p>\n","protected":false},"author":2,"featured_media":9966,"comment_status":"open","ping_status":"open","sticky":false,"template":"","format":"standard","meta":{"footnotes":""},"categories":[3,4,5,6,7,8],"tags":[],"class_list":["post-9965","post","type-post","status-publish","format-standard","has-post-thumbnail","hentry","category-destaque","category-locais","category-noticias","category-podcasts","category-sem-categoria","category-ultimas"],"aioseo_notices":[],"_links":{"self":[{"href":"https:\/\/sertaneja95fm.com.br\/sited\/wp-json\/wp\/v2\/posts\/9965","targetHints":{"allow":["GET"]}}],"collection":[{"href":"https:\/\/sertaneja95fm.com.br\/sited\/wp-json\/wp\/v2\/posts"}],"about":[{"href":"https:\/\/sertaneja95fm.com.br\/sited\/wp-json\/wp\/v2\/types\/post"}],"author":[{"embeddable":true,"href":"https:\/\/sertaneja95fm.com.br\/sited\/wp-json\/wp\/v2\/users\/2"}],"replies":[{"embeddable":true,"href":"https:\/\/sertaneja95fm.com.br\/sited\/wp-json\/wp\/v2\/comments?post=9965"}],"version-history":[{"count":1,"href":"https:\/\/sertaneja95fm.com.br\/sited\/wp-json\/wp\/v2\/posts\/9965\/revisions"}],"predecessor-version":[{"id":9967,"href":"https:\/\/sertaneja95fm.com.br\/sited\/wp-json\/wp\/v2\/posts\/9965\/revisions\/9967"}],"wp:featuredmedia":[{"embeddable":true,"href":"https:\/\/sertaneja95fm.com.br\/sited\/wp-json\/wp\/v2\/media\/9966"}],"wp:attachment":[{"href":"https:\/\/sertaneja95fm.com.br\/sited\/wp-json\/wp\/v2\/media?parent=9965"}],"wp:term":[{"taxonomy":"category","embeddable":true,"href":"https:\/\/sertaneja95fm.com.br\/sited\/wp-json\/wp\/v2\/categories?post=9965"},{"taxonomy":"post_tag","embeddable":true,"href":"https:\/\/sertaneja95fm.com.br\/sited\/wp-json\/wp\/v2\/tags?post=9965"}],"curies":[{"name":"wp","href":"https:\/\/api.w.org\/{rel}","templated":true}]}}