{"id":9968,"date":"2025-04-15T16:15:51","date_gmt":"2025-04-15T19:15:51","guid":{"rendered":"https:\/\/sertaneja95fm.com.br\/sited\/?p=9968"},"modified":"2025-04-15T16:20:03","modified_gmt":"2025-04-15T19:20:03","slug":"assembleia-legislativa-leva-grande-acao-social-a-currais-novos-com-servicos-gratuitos-para-a-populacao","status":"publish","type":"post","link":"https:\/\/sertaneja95fm.com.br\/sited\/assembleia-legislativa-leva-grande-acao-social-a-currais-novos-com-servicos-gratuitos-para-a-populacao\/","title":{"rendered":"Assembleia Legislativa traz grande a\u00e7\u00e3o social a Currais Novos com servi\u00e7os gratuitos para a popula\u00e7\u00e3o"},"content":{"rendered":"<p>A cidade de Currais Novos receber\u00e1 a a\u00e7\u00e3o &#8220;Assembleia e Voc\u00ea&#8221;, promovida pela Assembleia Legislativa do Rio Grande do Norte, nos dias 23 e 24 de abril, nos turnos da manh\u00e3 e tarde.<\/p>\n<p>O evento tem como objetivo oferecer servi\u00e7os gratuitos nas \u00e1reas de sa\u00fade, educa\u00e7\u00e3o, assist\u00eancia social e cidadania, aproximando o Poder Legislativo da popula\u00e7\u00e3o.<\/p>\n<p>A programa\u00e7\u00e3o ocorrer\u00e1 no Largo do Tungst\u00eanio.<\/p>\n<p>Confira os principais servi\u00e7os que ser\u00e3o oferecidos:<\/p>\n<p>SA\u00daDE<br \/>\nConsultas com especialistas como cardiologista, ginecologista, pediatra, psiquiatra, dermatologista, oftalmologista, neurologista, entre outros. Tamb\u00e9m haver\u00e1 exames de ultrassonografia, aferi\u00e7\u00e3o de press\u00e3o, teste de glicemia, atendimento em sa\u00fade bucal, triagem e servi\u00e7o social.<\/p>\n<p>A\u00c7\u00c3O SOCIAL<br \/>\nEmiss\u00e3o de documentos como CPF e RG, 2\u00aa via de certid\u00f5es civis, corte de cabelo, barbearia, esmalta\u00e7\u00e3o, designer de sobrancelha, orienta\u00e7\u00e3o para carteira de trabalho (SINE) e atendimento da CAERN com foco na Tarifa Social.<\/p>\n<p>EDUCA\u00c7\u00c3O E CIDADANIA<br \/>\nAtividades recreativas, jogos diversos, pintura infantil, apresenta\u00e7\u00f5es culturais, educa\u00e7\u00e3o de tr\u00e2nsito (DETRAN e PRF), educa\u00e7\u00e3o ambiental, exposi\u00e7\u00e3o do Corpo de Bombeiros, rodas de conversa e o projeto Educa\u00e7\u00e3o Cidad\u00e3, em parceria com o IFRN Currais Novos.<\/p>\n<p>CIDADANIA E DIREITOS<br \/>\nO PROCON M\u00f3vel estar\u00e1 presente, oferecendo consultas ao Serasa e orienta\u00e7\u00f5es sobre os direitos dos consumidores.<\/p>\n<p>CASAMENTO COMUNIT\u00c1RIO<br \/>\nO Casamento Comunit\u00e1rio ser\u00e1 realizado exclusivamente no dia 23 de abril, no Teatro Municipal Ubirajara Galv\u00e3o, \u00e0s 17h, em parceria com o Tribunal de Justi\u00e7a do RN.<\/p>\n<p>SERVI\u00c7O<\/p>\n<p>ASSEMBLEIA E VOC\u00ca<\/p>\n<p>\ud83d\udcc5 Data: 23 e 24 de abril (Das 8h \u00e0s 12h e das 14h \u00e0s 17h)<\/p>\n<p>\ud83d\udccd Local: Largo do Tungst\u00eanio<\/p>\n","protected":false},"excerpt":{"rendered":"<p>A cidade de Currais Novos receber\u00e1 a a\u00e7\u00e3o &#8220;Assembleia e Voc\u00ea&#8221;, promovida pela Assembleia Legislativa do Rio Grande do Norte, nos dias 23 e 24 de abril, nos turnos da manh\u00e3 e tarde. O evento tem como objetivo oferecer servi\u00e7os gratuitos nas \u00e1reas de sa\u00fade, educa\u00e7\u00e3o, assist\u00eancia social e cidadania, aproximando o Poder Legislativo da [&hellip;]<\/p>\n","protected":false},"author":2,"featured_media":9969,"comment_status":"open","ping_status":"open","sticky":false,"template":"","format":"standard","meta":{"footnotes":""},"categories":[9,3,4,5,6,7,8,1],"tags":[],"class_list":["post-9968","post","type-post","status-publish","format-standard","has-post-thumbnail","hentry","category-9","category-destaque","category-locais","category-noticias","category-podcasts","category-sem-categoria","category-ultimas","category-uncategorized"],"aioseo_notices":[],"_links":{"self":[{"href":"https:\/\/sertaneja95fm.com.br\/sited\/wp-json\/wp\/v2\/posts\/9968","targetHints":{"allow":["GET"]}}],"collection":[{"href":"https:\/\/sertaneja95fm.com.br\/sited\/wp-json\/wp\/v2\/posts"}],"about":[{"href":"https:\/\/sertaneja95fm.com.br\/sited\/wp-json\/wp\/v2\/types\/post"}],"author":[{"embeddable":true,"href":"https:\/\/sertaneja95fm.com.br\/sited\/wp-json\/wp\/v2\/users\/2"}],"replies":[{"embeddable":true,"href":"https:\/\/sertaneja95fm.com.br\/sited\/wp-json\/wp\/v2\/comments?post=9968"}],"version-history":[{"count":2,"href":"https:\/\/sertaneja95fm.com.br\/sited\/wp-json\/wp\/v2\/posts\/9968\/revisions"}],"predecessor-version":[{"id":9971,"href":"https:\/\/sertaneja95fm.com.br\/sited\/wp-json\/wp\/v2\/posts\/9968\/revisions\/9971"}],"wp:featuredmedia":[{"embeddable":true,"href":"https:\/\/sertaneja95fm.com.br\/sited\/wp-json\/wp\/v2\/media\/9969"}],"wp:attachment":[{"href":"https:\/\/sertaneja95fm.com.br\/sited\/wp-json\/wp\/v2\/media?parent=9968"}],"wp:term":[{"taxonomy":"category","embeddable":true,"href":"https:\/\/sertaneja95fm.com.br\/sited\/wp-json\/wp\/v2\/categories?post=9968"},{"taxonomy":"post_tag","embeddable":true,"href":"https:\/\/sertaneja95fm.com.br\/sited\/wp-json\/wp\/v2\/tags?post=9968"}],"curies":[{"name":"wp","href":"https:\/\/api.w.org\/{rel}","templated":true}]}}