{"id":9972,"date":"2025-04-15T16:22:30","date_gmt":"2025-04-15T19:22:30","guid":{"rendered":"https:\/\/sertaneja95fm.com.br\/sited\/?p=9972"},"modified":"2025-04-15T16:22:30","modified_gmt":"2025-04-15T19:22:30","slug":"agencias-da-previdencia-nao-abrem-nos-feriados-de-18-e-21-de-abril","status":"publish","type":"post","link":"https:\/\/sertaneja95fm.com.br\/sited\/agencias-da-previdencia-nao-abrem-nos-feriados-de-18-e-21-de-abril\/","title":{"rendered":"Ag\u00eancias da Previd\u00eancia n\u00e3o abrem nos feriados de 18 e 21 de abril"},"content":{"rendered":"<p>As ag\u00eancias da Previd\u00eancia Social n\u00e3o v\u00e3o atender o p\u00fablico na sexta (18) e na segunda-feira (21), feriados de Sexta-feira Santa e Tiradentes, respectivamente. Nesses dias, tamb\u00e9m n\u00e3o haver\u00e1 o atendimento humano da Central Telef\u00f4nica 135.<\/p>\n<p>Esse atendimento \u00e9 realizado de segunda a s\u00e1bado, das 7h \u00e0s 22h, ocorrendo normalmente no pr\u00f3ximo s\u00e1bado (19). J\u00e1 o atendimento eletr\u00f4nico \u00e9 realizado 24 horas por dia, inclusive aos s\u00e1bados, domingos e feriados.<\/p>\n<p>A qualquer momento, \u00e9 poss\u00edvel solicitar benef\u00edcios e servi\u00e7os pelo Meu INSS (aplicativo para celular ou site gov.br\/meuinss), al\u00e9m de obter diversos comprovantes. A maior parte das solicita\u00e7\u00f5es pode ser resolvida pelo Meu INSS sem a necessidade de ir a uma ag\u00eancia da Previd\u00eancia.<\/p>\n<p>&nbsp;<\/p>\n","protected":false},"excerpt":{"rendered":"<p>As ag\u00eancias da Previd\u00eancia Social n\u00e3o v\u00e3o atender o p\u00fablico na sexta (18) e na segunda-feira (21), feriados de Sexta-feira Santa e Tiradentes, respectivamente. Nesses dias, tamb\u00e9m n\u00e3o haver\u00e1 o atendimento humano da Central Telef\u00f4nica 135. Esse atendimento \u00e9 realizado de segunda a s\u00e1bado, das 7h \u00e0s 22h, ocorrendo normalmente no pr\u00f3ximo s\u00e1bado (19). J\u00e1 [&hellip;]<\/p>\n","protected":false},"author":2,"featured_media":9973,"comment_status":"open","ping_status":"open","sticky":false,"template":"","format":"standard","meta":{"footnotes":""},"categories":[3,4,5,6,7,8],"tags":[],"class_list":["post-9972","post","type-post","status-publish","format-standard","has-post-thumbnail","hentry","category-destaque","category-locais","category-noticias","category-podcasts","category-sem-categoria","category-ultimas"],"aioseo_notices":[],"_links":{"self":[{"href":"https:\/\/sertaneja95fm.com.br\/sited\/wp-json\/wp\/v2\/posts\/9972","targetHints":{"allow":["GET"]}}],"collection":[{"href":"https:\/\/sertaneja95fm.com.br\/sited\/wp-json\/wp\/v2\/posts"}],"about":[{"href":"https:\/\/sertaneja95fm.com.br\/sited\/wp-json\/wp\/v2\/types\/post"}],"author":[{"embeddable":true,"href":"https:\/\/sertaneja95fm.com.br\/sited\/wp-json\/wp\/v2\/users\/2"}],"replies":[{"embeddable":true,"href":"https:\/\/sertaneja95fm.com.br\/sited\/wp-json\/wp\/v2\/comments?post=9972"}],"version-history":[{"count":1,"href":"https:\/\/sertaneja95fm.com.br\/sited\/wp-json\/wp\/v2\/posts\/9972\/revisions"}],"predecessor-version":[{"id":9974,"href":"https:\/\/sertaneja95fm.com.br\/sited\/wp-json\/wp\/v2\/posts\/9972\/revisions\/9974"}],"wp:featuredmedia":[{"embeddable":true,"href":"https:\/\/sertaneja95fm.com.br\/sited\/wp-json\/wp\/v2\/media\/9973"}],"wp:attachment":[{"href":"https:\/\/sertaneja95fm.com.br\/sited\/wp-json\/wp\/v2\/media?parent=9972"}],"wp:term":[{"taxonomy":"category","embeddable":true,"href":"https:\/\/sertaneja95fm.com.br\/sited\/wp-json\/wp\/v2\/categories?post=9972"},{"taxonomy":"post_tag","embeddable":true,"href":"https:\/\/sertaneja95fm.com.br\/sited\/wp-json\/wp\/v2\/tags?post=9972"}],"curies":[{"name":"wp","href":"https:\/\/api.w.org\/{rel}","templated":true}]}}