{"id":9976,"date":"2025-04-16T14:39:05","date_gmt":"2025-04-16T17:39:05","guid":{"rendered":"https:\/\/sertaneja95fm.com.br\/sited\/?p=9976"},"modified":"2025-04-16T14:39:05","modified_gmt":"2025-04-16T17:39:05","slug":"conta-de-luz-ficara-mais-barata-no-rn-a-partir-de-22-de-abril","status":"publish","type":"post","link":"https:\/\/sertaneja95fm.com.br\/sited\/conta-de-luz-ficara-mais-barata-no-rn-a-partir-de-22-de-abril\/","title":{"rendered":"Conta de luz ficar\u00e1 mais barata no RN a partir de 22 de abril"},"content":{"rendered":"<p>A Ag\u00eancia Nacional de Energia El\u00e9trica (Aneel) aprovou uma redu\u00e7\u00e3o m\u00e9dia de\u00a0<strong>0,32% nas tarifas de energia el\u00e9trica<\/strong>\u00a0para os mais de\u00a0<strong>1,6 milh\u00e3o de consumidores atendidos pela Neoenergia Cosern<\/strong>\u00a0no Rio Grande do Norte. A nova tarifa come\u00e7a a valer\u00a0<strong>a partir do dia 22 de abril<\/strong>.<\/p>\n<p>Para os consumidores de\u00a0<strong>baixa tens\u00e3o<\/strong>, que incluem resid\u00eancias e pequenos com\u00e9rcios, o efeito m\u00e9dio ser\u00e1 de\u00a0<strong>-0,30%<\/strong>. J\u00e1 os clientes de\u00a0<strong>alta tens\u00e3o<\/strong>, como ind\u00fastrias e grandes estabelecimentos, ter\u00e3o uma redu\u00e7\u00e3o m\u00e9dia de\u00a0<strong>-0,33%<\/strong>.<\/p>\n<h3 class=\"wp-block-heading\">O que explica a redu\u00e7\u00e3o?<\/h3>\n<ul class=\"wp-block-list\">\n<li><strong>Encargos setoriais<\/strong>\u00a0impactaram positivamente (+2,55%).<\/li>\n<li><strong>Transmiss\u00e3o e gera\u00e7\u00e3o<\/strong>\u00a0tiveram leve impacto negativo (-0,20%).<\/li>\n<li><strong>Componentes financeiros<\/strong>\u00a0puxaram o \u00edndice para baixo, com efeito de\u00a0<strong>-5,09%<\/strong>.<\/li>\n<\/ul>\n<h3 class=\"wp-block-heading\">Como \u00e9 composta a tarifa de energia:<\/h3>\n<ul class=\"wp-block-list\">\n<li><strong>38,2%<\/strong>: compra e transmiss\u00e3o de energia<\/li>\n<li><strong>32,4%<\/strong>: tributos (encargos e impostos)<\/li>\n<li><strong>29,4%<\/strong>: custos da distribuidora (opera\u00e7\u00e3o, manuten\u00e7\u00e3o e investimentos)<\/li>\n<\/ul>\n<p>Ou seja, em uma conta de\u00a0<strong>R$ 100,00<\/strong>, cerca de\u00a0<strong>R$ 29,40 ficam com a Cosern<\/strong>\u00a0para manter e ampliar o fornecimento de energia nos 167 munic\u00edpios potiguares.<\/p>\n","protected":false},"excerpt":{"rendered":"<p>A Ag\u00eancia Nacional de Energia El\u00e9trica (Aneel) aprovou uma redu\u00e7\u00e3o m\u00e9dia de\u00a00,32% nas tarifas de energia el\u00e9trica\u00a0para os mais de\u00a01,6 milh\u00e3o de consumidores atendidos pela Neoenergia Cosern\u00a0no Rio Grande do Norte. A nova tarifa come\u00e7a a valer\u00a0a partir do dia 22 de abril. Para os consumidores de\u00a0baixa tens\u00e3o, que incluem resid\u00eancias e pequenos com\u00e9rcios, o [&hellip;]<\/p>\n","protected":false},"author":2,"featured_media":9977,"comment_status":"open","ping_status":"open","sticky":false,"template":"","format":"standard","meta":{"footnotes":""},"categories":[3,4,5,6,7,8],"tags":[],"class_list":["post-9976","post","type-post","status-publish","format-standard","has-post-thumbnail","hentry","category-destaque","category-locais","category-noticias","category-podcasts","category-sem-categoria","category-ultimas"],"aioseo_notices":[],"_links":{"self":[{"href":"https:\/\/sertaneja95fm.com.br\/sited\/wp-json\/wp\/v2\/posts\/9976","targetHints":{"allow":["GET"]}}],"collection":[{"href":"https:\/\/sertaneja95fm.com.br\/sited\/wp-json\/wp\/v2\/posts"}],"about":[{"href":"https:\/\/sertaneja95fm.com.br\/sited\/wp-json\/wp\/v2\/types\/post"}],"author":[{"embeddable":true,"href":"https:\/\/sertaneja95fm.com.br\/sited\/wp-json\/wp\/v2\/users\/2"}],"replies":[{"embeddable":true,"href":"https:\/\/sertaneja95fm.com.br\/sited\/wp-json\/wp\/v2\/comments?post=9976"}],"version-history":[{"count":1,"href":"https:\/\/sertaneja95fm.com.br\/sited\/wp-json\/wp\/v2\/posts\/9976\/revisions"}],"predecessor-version":[{"id":9978,"href":"https:\/\/sertaneja95fm.com.br\/sited\/wp-json\/wp\/v2\/posts\/9976\/revisions\/9978"}],"wp:featuredmedia":[{"embeddable":true,"href":"https:\/\/sertaneja95fm.com.br\/sited\/wp-json\/wp\/v2\/media\/9977"}],"wp:attachment":[{"href":"https:\/\/sertaneja95fm.com.br\/sited\/wp-json\/wp\/v2\/media?parent=9976"}],"wp:term":[{"taxonomy":"category","embeddable":true,"href":"https:\/\/sertaneja95fm.com.br\/sited\/wp-json\/wp\/v2\/categories?post=9976"},{"taxonomy":"post_tag","embeddable":true,"href":"https:\/\/sertaneja95fm.com.br\/sited\/wp-json\/wp\/v2\/tags?post=9976"}],"curies":[{"name":"wp","href":"https:\/\/api.w.org\/{rel}","templated":true}]}}