{"id":9979,"date":"2025-04-16T14:41:10","date_gmt":"2025-04-16T17:41:10","guid":{"rendered":"https:\/\/sertaneja95fm.com.br\/sited\/?p=9979"},"modified":"2025-04-16T14:41:10","modified_gmt":"2025-04-16T17:41:10","slug":"paroquia-de-santana-realiza-campanha-solidaria-de-arrecadacao-de-alimentos-em-currais-novos","status":"publish","type":"post","link":"https:\/\/sertaneja95fm.com.br\/sited\/paroquia-de-santana-realiza-campanha-solidaria-de-arrecadacao-de-alimentos-em-currais-novos\/","title":{"rendered":"Par\u00f3quia de Sant\u2019Ana realiza campanha solid\u00e1ria de arrecada\u00e7\u00e3o de alimentos em Currais Novos"},"content":{"rendered":"<p>A Par\u00f3quia de Sant\u2019Ana, em Currais Novos\/RN, est\u00e1 promovendo uma campanha solid\u00e1ria de arrecada\u00e7\u00e3o de alimentos, com o objetivo de ajudar fam\u00edlias em situa\u00e7\u00e3o de vulnerabilidade social. A a\u00e7\u00e3o acontecer\u00e1 durante a Missa da Ceia do Senhor, nesta Quinta-feira Santa, e faz parte das atividades do Tr\u00edduo Pascal.<\/p>\n<p>A doa\u00e7\u00e3o de alimentos n\u00e3o perec\u00edveis poder\u00e1 ser feita durante a celebra\u00e7\u00e3o, que acontecer\u00e1 na Igreja Matriz de Sant\u2019Ana, al\u00e9m de pontos de coleta em comunidades que integram a par\u00f3quia. Quem n\u00e3o puder participar da missa tamb\u00e9m poder\u00e1 entregar sua contribui\u00e7\u00e3o diretamente na sacristia ao longo do Tr\u00edduo Pascal.<\/p>\n<p>A campanha \u00e9 um convite \u00e0 partilha e ao cuidado com o pr\u00f3ximo, especialmente neste tempo de reflex\u00e3o e renova\u00e7\u00e3o espiritual que antecede a P\u00e1scoa. Para mais informa\u00e7\u00f5es, os interessados podem procurar a secretaria paroquial ou os agentes das comunidades.<\/p>\n","protected":false},"excerpt":{"rendered":"<p>A Par\u00f3quia de Sant\u2019Ana, em Currais Novos\/RN, est\u00e1 promovendo uma campanha solid\u00e1ria de arrecada\u00e7\u00e3o de alimentos, com o objetivo de ajudar fam\u00edlias em situa\u00e7\u00e3o de vulnerabilidade social. A a\u00e7\u00e3o acontecer\u00e1 durante a Missa da Ceia do Senhor, nesta Quinta-feira Santa, e faz parte das atividades do Tr\u00edduo Pascal. A doa\u00e7\u00e3o de alimentos n\u00e3o perec\u00edveis poder\u00e1 [&hellip;]<\/p>\n","protected":false},"author":2,"featured_media":9980,"comment_status":"open","ping_status":"open","sticky":false,"template":"","format":"standard","meta":{"footnotes":""},"categories":[3,4,5,6,7,8],"tags":[],"class_list":["post-9979","post","type-post","status-publish","format-standard","has-post-thumbnail","hentry","category-destaque","category-locais","category-noticias","category-podcasts","category-sem-categoria","category-ultimas"],"aioseo_notices":[],"_links":{"self":[{"href":"https:\/\/sertaneja95fm.com.br\/sited\/wp-json\/wp\/v2\/posts\/9979","targetHints":{"allow":["GET"]}}],"collection":[{"href":"https:\/\/sertaneja95fm.com.br\/sited\/wp-json\/wp\/v2\/posts"}],"about":[{"href":"https:\/\/sertaneja95fm.com.br\/sited\/wp-json\/wp\/v2\/types\/post"}],"author":[{"embeddable":true,"href":"https:\/\/sertaneja95fm.com.br\/sited\/wp-json\/wp\/v2\/users\/2"}],"replies":[{"embeddable":true,"href":"https:\/\/sertaneja95fm.com.br\/sited\/wp-json\/wp\/v2\/comments?post=9979"}],"version-history":[{"count":1,"href":"https:\/\/sertaneja95fm.com.br\/sited\/wp-json\/wp\/v2\/posts\/9979\/revisions"}],"predecessor-version":[{"id":9981,"href":"https:\/\/sertaneja95fm.com.br\/sited\/wp-json\/wp\/v2\/posts\/9979\/revisions\/9981"}],"wp:featuredmedia":[{"embeddable":true,"href":"https:\/\/sertaneja95fm.com.br\/sited\/wp-json\/wp\/v2\/media\/9980"}],"wp:attachment":[{"href":"https:\/\/sertaneja95fm.com.br\/sited\/wp-json\/wp\/v2\/media?parent=9979"}],"wp:term":[{"taxonomy":"category","embeddable":true,"href":"https:\/\/sertaneja95fm.com.br\/sited\/wp-json\/wp\/v2\/categories?post=9979"},{"taxonomy":"post_tag","embeddable":true,"href":"https:\/\/sertaneja95fm.com.br\/sited\/wp-json\/wp\/v2\/tags?post=9979"}],"curies":[{"name":"wp","href":"https:\/\/api.w.org\/{rel}","templated":true}]}}