{"id":9987,"date":"2025-04-17T10:19:04","date_gmt":"2025-04-17T13:19:04","guid":{"rendered":"https:\/\/sertaneja95fm.com.br\/sited\/?p=9987"},"modified":"2025-04-17T10:19:04","modified_gmt":"2025-04-17T13:19:04","slug":"com-tarifaco-brasil-pode-ser-grande-destino-de-produtos-chineses-mas-precisara-de-preparo","status":"publish","type":"post","link":"https:\/\/sertaneja95fm.com.br\/sited\/com-tarifaco-brasil-pode-ser-grande-destino-de-produtos-chineses-mas-precisara-de-preparo\/","title":{"rendered":"Com tarifa\u00e7o, Brasil pode ser grande destino de produtos chineses, mas precisar\u00e1 de preparo"},"content":{"rendered":"<p>A guerra tarif\u00e1ria entre China e Estados Unidos movimentou intensamente os mercados financeiros nas \u00faltimas semanas, mas os efeitos n\u00e3o se limitam aos investimentos. O com\u00e9rcio mundial tamb\u00e9m deve ser afetado.<\/p>\n<p>As altas tarifas impostas pelos EUA sobre a China \u201capenas aceleram um processo que j\u00e1 estava em andamento: a busca por novos mercados\u201d, explica Vitor Moura, fundador da Lantau Business Answers, consultoria brasileira especializada em intermedia\u00e7\u00e3o de neg\u00f3cios entre Brasil e China, e especialista da rede Observa China.<\/p>\n<p>Com alta capacidade de produ\u00e7\u00e3o e pre\u00e7os competitivos, os produtos chineses prometem \u201cinundar\u201d mercados como o Brasil.<\/p>\n<p>Al\u00e9m de ser um tradicional parceiro comercial, os chineses olham para o Brasil com aten\u00e7\u00e3o devido \u00e0s suas dimens\u00f5es continentais e \u00e0 grande demanda de uma popula\u00e7\u00e3o de mais de 200 milh\u00f5es de pessoas.<\/p>\n<p>Mas, para que a quest\u00e3o n\u00e3o se torne um problema para o Brasil, ser\u00e1 necess\u00e1rio se preparar e adotar medidas que estimulem a inova\u00e7\u00e3o, segundo Jesse Guimar\u00e3es, vice-presidente da Associa\u00e7\u00e3o de Empresas Brasileiras na China para Ind\u00fastria, Com\u00e9rcio e Tecnologia (Bracham).<\/p>\n<p><strong>Brasil pode receber mais produtos vindos da China<\/strong><\/p>\n<p>Vitor Moura, que vive na China h\u00e1 10 anos e atua na intermedia\u00e7\u00e3o de neg\u00f3cios entre o Brasil e o pa\u00eds asi\u00e1tico, explica que os empres\u00e1rios chineses demonstravam um desejo crescente de expandir seus neg\u00f3cios para outros pa\u00edses antes das novas tarifas de Trump.<\/p>\n<p>\u201cA economia dom\u00e9stica da China ainda est\u00e1 em processo de recupera\u00e7\u00e3o p\u00f3s-Covid. Havia uma aposta no consumo interno como for\u00e7a da economia, o que eles chamam de \u2018estrat\u00e9gia de circula\u00e7\u00e3o dupla\u2019\u201d, explica Moura.<\/p>\n<p>\u201cIsso ainda est\u00e1 funcionando mais devagar do que o esperado. Por isso, os empres\u00e1rios passaram a olhar mais para fora.\u201d<\/p>\n<p>Assim, o cen\u00e1rio externo se torna cada vez mais importante para o crescimento chin\u00eas, e as estrat\u00e9gias de diversifica\u00e7\u00e3o s\u00e3o levadas em considera\u00e7\u00e3o. \u201cO Brasil acaba chamando aten\u00e7\u00e3o pelo tamanho\u201d, comenta Moura.<\/p>\n<p>O especialista destaca um novo fator nas rela\u00e7\u00f5es entre os dois pa\u00edses: embora os brasileiros j\u00e1 tenham uma rela\u00e7\u00e3o consolidada com a China, \u201co acesso ao com\u00e9rcio no Brasil era mais restrito \u00e0s grandes empresas, com mais capital para bancar um movimento desse porte\u201d.<\/p>\n<p><strong>Empres\u00e1rios brasileiros precisam se adaptar<\/strong><\/p>\n<p>Um obst\u00e1culo aos planos chineses \u00e9 a apreens\u00e3o dos empres\u00e1rios brasileiros. Moura comenta que o ponto central da quest\u00e3o \u00e9 o modo de produ\u00e7\u00e3o chin\u00eas: investimento pesado em formas de reduzir os custos de fabrica\u00e7\u00e3o para vender seus produtos a pre\u00e7os baixos.<\/p>\n<p>Essa \u201cestrat\u00e9gia agressiva\u201d impacta o modelo brasileiro, que ainda n\u00e3o consegue competir em termos de tecnologia e produtividade com os chineses.<\/p>\n<p><strong>G1<\/strong><\/p>\n<p><em>Foto: Associated Press<\/em><\/p>\n","protected":false},"excerpt":{"rendered":"<p>A guerra tarif\u00e1ria entre China e Estados Unidos movimentou intensamente os mercados financeiros nas \u00faltimas semanas, mas os efeitos n\u00e3o se limitam aos investimentos. O com\u00e9rcio mundial tamb\u00e9m deve ser afetado. As altas tarifas impostas pelos EUA sobre a China \u201capenas aceleram um processo que j\u00e1 estava em andamento: a busca por novos mercados\u201d, explica [&hellip;]<\/p>\n","protected":false},"author":2,"featured_media":9988,"comment_status":"open","ping_status":"open","sticky":false,"template":"","format":"standard","meta":{"footnotes":""},"categories":[3,4,5,6,7,8],"tags":[],"class_list":["post-9987","post","type-post","status-publish","format-standard","has-post-thumbnail","hentry","category-destaque","category-locais","category-noticias","category-podcasts","category-sem-categoria","category-ultimas"],"aioseo_notices":[],"_links":{"self":[{"href":"https:\/\/sertaneja95fm.com.br\/sited\/wp-json\/wp\/v2\/posts\/9987","targetHints":{"allow":["GET"]}}],"collection":[{"href":"https:\/\/sertaneja95fm.com.br\/sited\/wp-json\/wp\/v2\/posts"}],"about":[{"href":"https:\/\/sertaneja95fm.com.br\/sited\/wp-json\/wp\/v2\/types\/post"}],"author":[{"embeddable":true,"href":"https:\/\/sertaneja95fm.com.br\/sited\/wp-json\/wp\/v2\/users\/2"}],"replies":[{"embeddable":true,"href":"https:\/\/sertaneja95fm.com.br\/sited\/wp-json\/wp\/v2\/comments?post=9987"}],"version-history":[{"count":1,"href":"https:\/\/sertaneja95fm.com.br\/sited\/wp-json\/wp\/v2\/posts\/9987\/revisions"}],"predecessor-version":[{"id":9989,"href":"https:\/\/sertaneja95fm.com.br\/sited\/wp-json\/wp\/v2\/posts\/9987\/revisions\/9989"}],"wp:featuredmedia":[{"embeddable":true,"href":"https:\/\/sertaneja95fm.com.br\/sited\/wp-json\/wp\/v2\/media\/9988"}],"wp:attachment":[{"href":"https:\/\/sertaneja95fm.com.br\/sited\/wp-json\/wp\/v2\/media?parent=9987"}],"wp:term":[{"taxonomy":"category","embeddable":true,"href":"https:\/\/sertaneja95fm.com.br\/sited\/wp-json\/wp\/v2\/categories?post=9987"},{"taxonomy":"post_tag","embeddable":true,"href":"https:\/\/sertaneja95fm.com.br\/sited\/wp-json\/wp\/v2\/tags?post=9987"}],"curies":[{"name":"wp","href":"https:\/\/api.w.org\/{rel}","templated":true}]}}